{"id":65542,"date":"2024-02-22T10:30:00","date_gmt":"2024-02-22T16:30:00","guid":{"rendered":"http:\/\/www.zonaroja.com.mx\/?p=65542"},"modified":"2024-02-22T08:01:24","modified_gmt":"2024-02-22T14:01:24","slug":"buscan-en-congreso-establecer-uso-preferente-del-agua-en-oaxaca","status":"publish","type":"post","link":"https:\/\/zonaroja.com.mx\/?p=65542","title":{"rendered":"Buscan en Congreso establecer uso preferente del agua en Oaxaca"},"content":{"rendered":"\n<p>Redacci\u00f3n\/Zona Roja.<\/p>\n\n\n\n<p>Oaxaca de Ju\u00e1rez, Oax., a 22 de febrero de 2024.- La diputada local Mariana Ben\u00edtez Tiburcio, propuso ante el Congreso reformar el art\u00edculo 12 de la Constituci\u00f3n Pol\u00edtica del Estado de Oaxaca, para establecer un principio constitucional para que el uso preferente del agua se garantice para el consumo personal y dom\u00e9stico sobre cualquier otro uso.&nbsp;<\/p>\n\n\n\n<p>\u201cEsta no es simplemente una propuesta pol\u00edtica; es un llamado a la justicia, a la equidad y a la responsabilidad colectiva. Priorizar el agua para el consumo personal y dom\u00e9stico es esencial para la salud p\u00fablica\u201d, sostuvo la legisladora.&nbsp;<\/p>\n\n\n\n<p>En tribuna, se\u00f1al\u00f3 que el acceso al agua potable y al saneamiento reduce significativamente la incidencia de enfermedades transmisibles, mejora la calidad de vida y aumenta la esperanza de vida.<\/p>\n\n\n\n<p>Expuso que el pasado 5 de febrero, el Presidente de la Rep\u00fablica present\u00f3 una iniciativa de reforma al art\u00edculo 4 de la Constituci\u00f3n Federal para garantizar el acceso al agua de la poblaci\u00f3n, estableciendo un principio de uso preferente del agua, para no permitir que las industrias o cualquier otro uso secundario comprometan este derecho b\u00e1sico.<\/p>\n\n\n\n<p>Ben\u00edtez Tiburcio a\u00f1adi\u00f3 que su propuesta contempla priorizar el consumo del agua sobre el uso industrial y agr\u00edcola, pues el 80 por ciento del vital l\u00edquido se destina al riego para la agricultura, lo cual debe reevaluarse y tomar mejores decisiones que construyan un mejor futuro para las nuevas generaciones.<\/p>\n\n\n\n<p>\u201cHago entonces un llamado a todos los sectores de nuestra sociedad, a los l\u00edderes pol\u00edticos, empresariales, comunitarios y a cada individuo, a unirse en este compromiso por el agua. Que este recurso, que fluye como un v\u00ednculo com\u00fan entre todos nosotros, nos inspire a trabajar juntos y juntas por un futuro sostenible, justo y pr\u00f3spero\u201d, enfatiz\u00f3.<\/p>\n\n\n\n<p>La legisladora dijo que al garantizar que el uso preferente del agua sea para necesidades personales y dom\u00e9sticas, se promueven pr\u00e1cticas que respetan los ciclos naturales del agua y protegen la biodiversidad.<\/p>\n\n\n\n<p>\u201cEl momento de actuar es ahora. Por el bien de nuestra gente, por el bien de nuestro planeta, prioricemos el agua para la vida sobre todo lo dem\u00e1s\u201d, concluy\u00f3.<\/p>\n","protected":false},"excerpt":{"rendered":"<p>Redacci\u00f3n\/Zona Roja. Oaxaca de Ju\u00e1rez, Oax., a 22 de febrero de 2024.- La diputada local&hellip;<\/p>\n","protected":false},"author":2,"featured_media":65535,"comment_status":"closed","ping_status":"open","sticky":false,"template":"","format":"standard","meta":{"_lmt_disableupdate":"","_lmt_disable":"","_jetpack_memberships_contains_paid_content":false,"footnotes":""},"categories":[109,46],"tags":[2969],"class_list":["post-65542","post","type-post","status-publish","format-standard","has-post-thumbnail","hentry","category-minuto-a-minuto","category-zona-blanca","tag-mariana-benitez-tiburcio"],"jetpack_featured_media_url":"https:\/\/zonaroja.com.mx\/wp-content\/uploads\/2024\/02\/Mariana-Benitez-T.jpg","jetpack_sharing_enabled":true,"_links":{"self":[{"href":"https:\/\/zonaroja.com.mx\/index.php?rest_route=\/wp\/v2\/posts\/65542","targetHints":{"allow":["GET"]}}],"collection":[{"href":"https:\/\/zonaroja.com.mx\/index.php?rest_route=\/wp\/v2\/posts"}],"about":[{"href":"https:\/\/zonaroja.com.mx\/index.php?rest_route=\/wp\/v2\/types\/post"}],"author":[{"embeddable":true,"href":"https:\/\/zonaroja.com.mx\/index.php?rest_route=\/wp\/v2\/users\/2"}],"replies":[{"embeddable":true,"href":"https:\/\/zonaroja.com.mx\/index.php?rest_route=%2Fwp%2Fv2%2Fcomments&post=65542"}],"version-history":[{"count":1,"href":"https:\/\/zonaroja.com.mx\/index.php?rest_route=\/wp\/v2\/posts\/65542\/revisions"}],"predecessor-version":[{"id":65543,"href":"https:\/\/zonaroja.com.mx\/index.php?rest_route=\/wp\/v2\/posts\/65542\/revisions\/65543"}],"wp:featuredmedia":[{"embeddable":true,"href":"https:\/\/zonaroja.com.mx\/index.php?rest_route=\/wp\/v2\/media\/65535"}],"wp:attachment":[{"href":"https:\/\/zonaroja.com.mx\/index.php?rest_route=%2Fwp%2Fv2%2Fmedia&parent=65542"}],"wp:term":[{"taxonomy":"category","embeddable":true,"href":"https:\/\/zonaroja.com.mx\/index.php?rest_route=%2Fwp%2Fv2%2Fcategories&post=65542"},{"taxonomy":"post_tag","embeddable":true,"href":"https:\/\/zonaroja.com.mx\/index.php?rest_route=%2Fwp%2Fv2%2Ftags&post=65542"}],"curies":[{"name":"wp","href":"https:\/\/api.w.org\/{rel}","templated":true}]}}