{"id":65546,"date":"2024-02-22T11:30:00","date_gmt":"2024-02-22T17:30:00","guid":{"rendered":"http:\/\/www.zonaroja.com.mx\/?p=65546"},"modified":"2024-02-22T08:08:05","modified_gmt":"2024-02-22T14:08:05","slug":"urge-en-oaxaca-mayores-espacios-pagos-y-reconocimiento-para-artistas-locales","status":"publish","type":"post","link":"https:\/\/zonaroja.com.mx\/?p=65546","title":{"rendered":"Urge en Oaxaca mayores espacios, pagos y reconocimiento para artistas locales"},"content":{"rendered":"\n<p>Yuridiana Sosa\/Zona Roja.<\/p>\n\n\n\n<p>Oaxaca de Ju\u00e1rez, Oax., 22 de febrero de 2024.- Pese a que la entidad es reconocida a nivel mundial por diversidad cultural, y cuenta con una amplia variedad de artistas en las distintas \u00e1reas, el Gobierno del Estado carece de propuestas para impulsar los talentos y pagar por su labor.<\/p>\n\n\n\n<p>As\u00ed lo enfatiz\u00f3 la cantante oaxaque\u00f1a Georgina Meses, quien durante 30 a\u00f1os de carrera ha sido testigo del olvido institucional contra los artistas independientes, como lo ha sido actualmente a trav\u00e9s de la Secretar\u00eda de las Culturas y Artes de Oaxaca, que encabeza V\u00edctor Cata, quien no se ha reunido con el gremio.<\/p>\n\n\n\n<p>Expres\u00f3 que m\u00e1s all\u00e1 de que un artista manifieste que ejerce por amor al arte, esto no debe implicar el abuso de las autoridades para no ofrecerles sueldos dignos. &nbsp;\u201cA veces los artistas estamos un poco olvidados\u2026 se debe valorar tambi\u00e9n el trabajo de los artistas, con honorarios, con sueldos dignos\u201d, dijo.<\/p>\n\n\n\n<p>FALTA IMPULSO<\/p>\n\n\n\n<p>La cantante indic\u00f3 que en Oaxaca debiera existir una pol\u00edtica p\u00fablica para que las y los cantantes oaxaque\u00f1os abrieran los conciertos que los famosos en la entidad, aunque sean eventos de tipo privado.<\/p>\n\n\n\n<p>Resalt\u00f3 que en 30 a\u00f1os de carrera art\u00edstica se ha dado cuenta del mismo discurso que ocupan&nbsp; para no ofrecer pagos justos por su actividad, como es \u201cNo hay recurso, pero te vamos a dar la oportunidad para que mucha gente te conozca, pero desgraciadamente uno no puede llegar al s\u00faper a decir &nbsp;\u2018me reconoces, me present\u00f3 en tal lugar\u2019, nosotros tambi\u00e9n necesitamos recursos monetarios para vivir\u201d.<\/p>\n\n\n\n<p>Indic\u00f3 que algunos como en su caso han logrado permanecer en la carrera &nbsp;durante varias d\u00e9cadas, &nbsp;pero es urgente cambiar ese escenario para las nuevas generaciones, quienes a su vez deben aprender a valorar su propio talento y cobrar, pues tambi\u00e9n invierten para presentarse, sea por una o 10 canciones, lo mismo los actores.<\/p>\n\n\n\n<p>\u201cEn Oaxaca necesitamos ser vistos y ser reconocidos, espacios, &nbsp;honorarios, &nbsp;proyectos, por ello llamo a las&nbsp; autoridades de cultura del Estado a que se promueve el arte bien pagado para los artistas\u201d, manifest\u00f3.<\/p>\n\n\n\n<p>Pero insisti\u00f3 en que se deben generar recursos para todo tipo de artistas,&nbsp; abrir espacios que hoy por hoy son elitistas, por eso \u201cdeber\u00eda de haber un programa para que los artistas vayan a las colonias a llevar su talento&#8230;el artes mueve conciencias, ayuda a restaurar emociones\u201d .<\/p>\n\n\n\n<p>\u201cTodos tenemos el derecho de pisar un Auditorio Guelaguetza, a pisar el Teatro Macedonio Alcal\u00e1, &nbsp;el Teatro Ju\u00e1rez, sin que nos digan te va a costar tanto .. A los artistas independientes nos cuesta todo\u201d, subray\u00f3.<\/p>\n\n\n\n<p>Geo Meneses llam\u00f3 a las autoridades culturales de Oaxaca que generen &nbsp;trabajo, para que &nbsp;tengan recursos econ\u00f3micos y tengan para vivir, pues el sector dijo, \u201cestamos olvidados\u201d.<\/p>\n\n\n\n<p>GRAN TALENTO<\/p>\n\n\n\n<p>La cantante oaxaque\u00f1a, con casi 30 a\u00f1os de carrera, es digna representante de M\u00e9xico y la entidad a nivel mundial.<\/p>\n\n\n\n<p>A finales de enero, fue invitada a colaborar con el San Francisco Ballet, en California, Estados Unidos, con su canto en la coreograf\u00eda \u201cBroken Wings\u201c inspiraci\u00f3n de Anabelle Ochoa, la cual expresa la relaci\u00f3n de Frida Kahlo y Diego Rivera.<\/p>\n\n\n\n<p>&nbsp;\u201cYa les platiqu\u00e9 mucho sobre mi colaboraci\u00f3n con el San Francisco Ballet acompa\u00f1ada magistralmente por Los Macorinos&#8230; La exactitud en el ritmo combinada con una gran fuerza interpretativa eran mi objetivo porque a decir verdad cant\u00e9 para la bailarina y el bailar\u00edn tratando de que mi sentimiento les inspirara y sumara a su gran arte\u201d, coment\u00f3 en sus redes.<\/p>\n\n\n\n<p>CONTRA DESPOJO<\/p>\n\n\n\n<p>Georgina Meneses indic\u00f3 que contin\u00faa el proceso legal para defender su predio de un intento de despojo en San Felipe del Agua, de la capital, y por el cual conf\u00eda en la justicia al contar con todas las pruebas que demuestran su propiedad, desde hace 30 a\u00f1os.<\/p>\n\n\n\n<p>Record\u00f3 que el Comisariado de San Felipe del Agua, agencia municipal de Oaxaca &nbsp;pretende despojarla, haciendo documentos falsos a nombre de su esposa, eso desde hace dos a\u00f1os.<\/p>\n","protected":false},"excerpt":{"rendered":"<p>Yuridiana Sosa\/Zona Roja. Oaxaca de Ju\u00e1rez, Oax., 22 de febrero de 2024.- Pese a que&hellip;<\/p>\n","protected":false},"author":2,"featured_media":65547,"comment_status":"closed","ping_status":"open","sticky":false,"template":"","format":"standard","meta":{"_lmt_disableupdate":"","_lmt_disable":"","_jetpack_memberships_contains_paid_content":false,"footnotes":""},"categories":[109,46],"tags":[3799],"class_list":["post-65546","post","type-post","status-publish","format-standard","has-post-thumbnail","hentry","category-minuto-a-minuto","category-zona-blanca","tag-georgina-meneses"],"jetpack_featured_media_url":"https:\/\/zonaroja.com.mx\/wp-content\/uploads\/2024\/02\/Georgina-Meneses.jpg","jetpack_sharing_enabled":true,"_links":{"self":[{"href":"https:\/\/zonaroja.com.mx\/index.php?rest_route=\/wp\/v2\/posts\/65546","targetHints":{"allow":["GET"]}}],"collection":[{"href":"https:\/\/zonaroja.com.mx\/index.php?rest_route=\/wp\/v2\/posts"}],"about":[{"href":"https:\/\/zonaroja.com.mx\/index.php?rest_route=\/wp\/v2\/types\/post"}],"author":[{"embeddable":true,"href":"https:\/\/zonaroja.com.mx\/index.php?rest_route=\/wp\/v2\/users\/2"}],"replies":[{"embeddable":true,"href":"https:\/\/zonaroja.com.mx\/index.php?rest_route=%2Fwp%2Fv2%2Fcomments&post=65546"}],"version-history":[{"count":1,"href":"https:\/\/zonaroja.com.mx\/index.php?rest_route=\/wp\/v2\/posts\/65546\/revisions"}],"predecessor-version":[{"id":65548,"href":"https:\/\/zonaroja.com.mx\/index.php?rest_route=\/wp\/v2\/posts\/65546\/revisions\/65548"}],"wp:featuredmedia":[{"embeddable":true,"href":"https:\/\/zonaroja.com.mx\/index.php?rest_route=\/wp\/v2\/media\/65547"}],"wp:attachment":[{"href":"https:\/\/zonaroja.com.mx\/index.php?rest_route=%2Fwp%2Fv2%2Fmedia&parent=65546"}],"wp:term":[{"taxonomy":"category","embeddable":true,"href":"https:\/\/zonaroja.com.mx\/index.php?rest_route=%2Fwp%2Fv2%2Fcategories&post=65546"},{"taxonomy":"post_tag","embeddable":true,"href":"https:\/\/zonaroja.com.mx\/index.php?rest_route=%2Fwp%2Fv2%2Ftags&post=65546"}],"curies":[{"name":"wp","href":"https:\/\/api.w.org\/{rel}","templated":true}]}}