{"id":65549,"date":"2024-02-22T12:30:00","date_gmt":"2024-02-22T18:30:00","guid":{"rendered":"http:\/\/www.zonaroja.com.mx\/?p=65549"},"modified":"2024-02-22T08:15:25","modified_gmt":"2024-02-22T14:15:25","slug":"colima-la-ciudad-mas-violenta-del-mundo-le-sigue-ciudad-obregon","status":"publish","type":"post","link":"https:\/\/zonaroja.com.mx\/?p=65549","title":{"rendered":"Colima, la ciudad m\u00e1s violenta del mundo; le sigue Ciudad Obreg\u00f3n"},"content":{"rendered":"\n<p>Redacci\u00f3n\/Zona Roja Cdmx.<\/p>\n\n\n\n<p>Ciudad de M\u00e9xico, a 22 de febrero de 2024.- La ciudad de Colima, ubicada en el estado hom\u00f3nimo de M\u00e9xico, lidera por segundo a\u00f1o consecutivo el \u2018Ranking 2023 de las 50 ciudades m\u00e1s violentas del mundo\u2019 con una tasa de 140,32 homicidios por cada 100 mil habitantes, seg\u00fan el informe presentado este mi\u00e9rcoles por el Consejo Ciudadano para la Seguridad P\u00fablica y la Justicia Penal.<\/p>\n\n\n\n<p>Durante siete a\u00f1os consecutivos, ciudades mexicanas han encabezado esta lista, siendo Colima la m\u00e1s violenta tanto en 2022 como en 2023, inform\u00f3 Jos\u00e9 Antonio Ortega, presidente del Consejo, en una conferencia de prensa en Ciudad de M\u00e9xico.<\/p>\n\n\n\n<p>Ciudad Obreg\u00f3n, en el estado de Sonora, ocupa el segundo lugar a nivel mundial con una tasa de 117,83 asesinatos por cada 100 mil habitantes.<\/p>\n\n\n\n<p>En total, siete de las diez ciudades m\u00e1s violentas del ranking son mexicanas, incluyendo Zamora, Michoac\u00e1n; Manzanillo, Colima; Tijuana, Baja California;&nbsp;<\/p>\n\n\n\n<p>Zacatecas, Zacatecas; y Ciudad Ju\u00e1rez, Chihuahua.<\/p>\n\n\n\n<p>M\u00e9xico destaca por ser el pa\u00eds con el mayor n\u00famero de ciudades en este listado, con 16 de 50 ciudades con al menos 300 mil habitantes se\u00f1aladas en el informe.<\/p>\n\n\n\n<p>Ortega subray\u00f3 la seriedad de la situaci\u00f3n, reflejando la violencia que se vive en el pa\u00eds. Adem\u00e1s del dominio mexicano en el ranking, ciudades como Puerto Pr\u00edncipe en Hait\u00ed, Guayaquil en Ecuador y Mandela Bay en Sud\u00e1frica tambi\u00e9n figuran entre las diez primeras, destacando a Ecuador, Hait\u00ed y M\u00e9xico como los pa\u00edses m\u00e1s afectados por la violencia urbana.<\/p>\n\n\n\n<p>Seg\u00fan Ortega, estos pa\u00edses comparten el problema de adentrarse en la categor\u00eda de Estado fallido, donde el Estado pierde el control de la violencia, que es ejercida por grupos que establecen un poder paralelo.<\/p>\n\n\n\n<p>GRUPOS DOMINANTES<\/p>\n\n\n\n<p>En los \u00faltimos a\u00f1os, Colima ha experimentado niveles significativos de violencia, atribuidos principalmente a la presencia y disputas entre organizaciones criminales. Estos enfrentamientos han tenido un impacto en diversas \u00e1reas, incluyendo la seguridad p\u00fablica y la tranquilidad de los habitantes.<\/p>\n\n\n\n<p>De acuerdo con datos del Secretariado Ejecutivo del Sistema Nacional de Seguridad P\u00fablica (SESNSP), del 1 de enero al 31 de diciembre de 2023 se registraron 934 homicidios dolosos. En tanto, en el primer mes de 2024 se registraron 65 asesinatos.<\/p>\n\n\n\n<p>La entidad federativa de M\u00e9xico con menos habitantes es Colima, pues de acuerdo con el \u00faltimo censo del Instituto Nacional de Estad\u00edstica y Geograf\u00eda (INEGI) realizado en 2020, dicho estado tiene una poblaci\u00f3n de 731 mil 391 habitantes.<\/p>\n\n\n\n<p>La ciudad de Colima, capital del estado hom\u00f3nimo, comparte algunas de las caracter\u00edsticas estrat\u00e9gicas que hacen relevante al estado para los grupos del narcotr\u00e1fico, aunque su importancia puede variar en relaci\u00f3n con otras \u00e1reas. Como centro administrativo y urbano de la entidad, la ciudad puede ser un punto focal para actividades relacionadas con el lavado de dinero y la log\u00edstica.<\/p>\n\n\n\n<p>Adem\u00e1s, su posici\u00f3n como nexo entre otras regiones y su cercan\u00eda con el puerto de Manzanillo, uno de los m\u00e1s importantes para el comercio internacional en M\u00e9xico, potencialmente la convierte en un lugar estrat\u00e9gico para el tr\u00e1nsito de mercanc\u00edas ilegales.<\/p>\n\n\n\n<p>De acuerdo con Insight Crime, los c\u00e1rteles que tienen presencia en Colima incluyen al C\u00e1rtel Jalisco Nueva Generaci\u00f3n (CJNG), al C\u00e1rtel de Sinaloa y Los Zetas, adem\u00e1s de mencionar la alianza entre el CJNG y antiguos miembros de la Organizaci\u00f3n Arellano F\u00e9lix bajo el nuevo nombre de C\u00e1rtel Tijuana Nueva Generaci\u00f3n (CTNG), y la presencia de un grupo llamado Los Troyanos, relacionado con la Nueva Familia Michoacana.<\/p>\n\n\n\n<p>De acuerdo con uno de sus art\u00edculos, la violencia en Colima caracterizada por el incremento de asesinatos de figuras p\u00fablicas desde 2016 se debe en gran parte a su ubicaci\u00f3n estrat\u00e9gica para el narcotr\u00e1fico, especialmente por el puerto de Manzanillo, crucial para la llegada de precursores qu\u00edmicos de Asia y el tr\u00e1fico de narc\u00f3ticos hacia Estados Unidos.<\/p>\n\n\n\n<p>Este escenario se ha complicado debido a disputas entre el C\u00e1rtel de Sinaloa, el CJNG y Los Zetas por el control de las rutas costeras, situaci\u00f3n que se exacerb\u00f3 con la captura de Joaqu\u00edn \u201cEl Chapo\u201d Guzm\u00e1n, lo que permiti\u00f3 al CJNG avanzar en la regi\u00f3n.<\/p>\n\n\n\n<p>La violencia se ha acentuado a medida que el panorama criminal en M\u00e9xico se ha fragmentado, dando lugar a grupos m\u00e1s peque\u00f1os que buscan ganar territorio y legitimidad.<\/p>\n\n\n\n<p>Esta fragmentaci\u00f3n coincidi\u00f3 con una inestabilidad pol\u00edtica en Colima, que ha visto cambiar de gobernadores frecuentemente y ha alternado distintos partidos pol\u00edticos en el poder en las \u00faltimas elecciones presidenciales.<\/p>\n\n\n\n<p>En la \u00faltima d\u00e9cada, Colima ha experimentado una notable alternancia en su liderazgo pol\u00edtico, reflejando cambios en las preferencias electorales de su poblaci\u00f3n. Antes de que Indira Vizca\u00edno Silva, del partido Movimiento Regeneraci\u00f3n Nacional (MORENA), asumiera como la primera mujer gobernadora del estado en noviembre de 2021, el estado fue gobernado por Jos\u00e9 Ignacio Peralta S\u00e1nchez del Partido Revolucionario Institucional (PRI) de 2016 a 2021. Previamente, Mario Anguiano Moreno, tambi\u00e9n del PRI, ocup\u00f3 el cargo de 2009 a 2015, siguiendo a Silverio Cavazos (2005-2009) y a Gustavo V\u00e1zquez Montes (2003-2005), ambos del mismo partido. Esta secuencia de gobernadores del PRI culmin\u00f3 con el mandato de Fernando Moreno Pe\u00f1a, quien gobern\u00f3 de 1997 a 2003<\/p>\n\n\n\n<p>Seg\u00fan el an\u00e1lisis, esta combinaci\u00f3n de violencia del crimen organizado y pol\u00edtica ha llevado a Colima a un nivel extremadamente alto de violencia, sin distinci\u00f3n clara entre las motivaciones detr\u00e1s de esta situaci\u00f3n.<\/p>\n\n\n\n<p>(Informaci\u00f3n de Infobae M\u00e9xico)<\/p>\n","protected":false},"excerpt":{"rendered":"<p>Redacci\u00f3n\/Zona Roja Cdmx. Ciudad de M\u00e9xico, a 22 de febrero de 2024.- La ciudad de&hellip;<\/p>\n","protected":false},"author":2,"featured_media":65550,"comment_status":"closed","ping_status":"open","sticky":false,"template":"","format":"standard","meta":{"_lmt_disableupdate":"","_lmt_disable":"","_jetpack_memberships_contains_paid_content":false,"footnotes":""},"categories":[109,47],"tags":[],"class_list":["post-65549","post","type-post","status-publish","format-standard","has-post-thumbnail","hentry","category-minuto-a-minuto","category-zona-gris"],"jetpack_featured_media_url":"https:\/\/zonaroja.com.mx\/wp-content\/uploads\/2024\/02\/Ciudad-de-Colima.webp","jetpack_sharing_enabled":true,"_links":{"self":[{"href":"https:\/\/zonaroja.com.mx\/index.php?rest_route=\/wp\/v2\/posts\/65549","targetHints":{"allow":["GET"]}}],"collection":[{"href":"https:\/\/zonaroja.com.mx\/index.php?rest_route=\/wp\/v2\/posts"}],"about":[{"href":"https:\/\/zonaroja.com.mx\/index.php?rest_route=\/wp\/v2\/types\/post"}],"author":[{"embeddable":true,"href":"https:\/\/zonaroja.com.mx\/index.php?rest_route=\/wp\/v2\/users\/2"}],"replies":[{"embeddable":true,"href":"https:\/\/zonaroja.com.mx\/index.php?rest_route=%2Fwp%2Fv2%2Fcomments&post=65549"}],"version-history":[{"count":1,"href":"https:\/\/zonaroja.com.mx\/index.php?rest_route=\/wp\/v2\/posts\/65549\/revisions"}],"predecessor-version":[{"id":65551,"href":"https:\/\/zonaroja.com.mx\/index.php?rest_route=\/wp\/v2\/posts\/65549\/revisions\/65551"}],"wp:featuredmedia":[{"embeddable":true,"href":"https:\/\/zonaroja.com.mx\/index.php?rest_route=\/wp\/v2\/media\/65550"}],"wp:attachment":[{"href":"https:\/\/zonaroja.com.mx\/index.php?rest_route=%2Fwp%2Fv2%2Fmedia&parent=65549"}],"wp:term":[{"taxonomy":"category","embeddable":true,"href":"https:\/\/zonaroja.com.mx\/index.php?rest_route=%2Fwp%2Fv2%2Fcategories&post=65549"},{"taxonomy":"post_tag","embeddable":true,"href":"https:\/\/zonaroja.com.mx\/index.php?rest_route=%2Fwp%2Fv2%2Ftags&post=65549"}],"curies":[{"name":"wp","href":"https:\/\/api.w.org\/{rel}","templated":true}]}}