{"id":65557,"date":"2024-02-22T19:01:43","date_gmt":"2024-02-23T01:01:43","guid":{"rendered":"http:\/\/www.zonaroja.com.mx\/?p=65557"},"modified":"2024-02-22T19:09:13","modified_gmt":"2024-02-23T01:09:13","slug":"inedito-bloquean-dos-supercarreteras-en-oaxaca-entre-ellas-la-nueva-via","status":"publish","type":"post","link":"https:\/\/zonaroja.com.mx\/?p=65557","title":{"rendered":"In\u00e9dito: bloquean dos supercarreteras en Oaxaca, entre ellas la nueva v\u00eda"},"content":{"rendered":"\n<p>Yuridiana Sosa\/Zona Roja.<\/p>\n\n\n\n<p>Oaxaca de Ju\u00e1rez, Oax., 22 de febrero de 2024.- Los bloqueos carreteros escalaron en Oaxaca y ahora fueron dos v\u00edas r\u00e1pidas las cerradas en un solo d\u00eda.<\/p>\n\n\n\n<p>Desde anoche, pobladores de la zona de Coatlanes instalaron un bloqueo en la supercarretera Oaxaca-Costa en el tramo Barranca Larga-Ventanilla, en jurisdicci\u00f3n de San Pablo Coatl\u00e1n, para exigir a la Secretar\u00eda de Infraestructura, Comunicaciones y Transportes (SICT) la construcci\u00f3n de caminos alternos.<\/p>\n\n\n\n<p>Los manifestantes responsabilizan a la dependencia del accidente de un mototaxi con un veh\u00edculo particular sobre esta vialidad pese a la prohibici\u00f3n oficial para circular, pues se\u00f1alan que la falta de caminos que llaman encimados o paralelos obligan a los pobladores a ocupar la v\u00eda principal.<\/p>\n\n\n\n<p>Por ello justificaron el cierre de la vialidad en el entronque a San Pablo Coatl\u00e1n, en el que participan choferes de mototaxis con sus unidades; situaci\u00f3n que entorpeci\u00f3 por varias horas la circulaci\u00f3n de cientos de veh\u00edculos que toman la v\u00eda reci\u00e9n inaugurada el 4 de febrero para llegar en poco m\u00e1s de dos horas a la Costa.<\/p>\n\n\n\n<p>El grupo de quejosos tambi\u00e9n se identific\u00f3 como posesionarios leg\u00edtimos de tierras donde se construy\u00f3 la carretera Barranca Larga- Ventanilla, &nbsp;denunciaron que desde hace m\u00e1s de un a\u00f1o han solicitado a la SICT caminos encimados o paralelos -que son caminos y ya ten\u00edan antes de la construcci\u00f3n de la supercarretera-, pasos peatonales y pasos ganaderos para ir a sus parcelas de trabajo.<\/p>\n\n\n\n<p>Aseguraron que la Secretar\u00eda se comprometi\u00f3 a construirlos y al no cumplir se ven obligados a circular sobre la supercarretera con sus ganados, &nbsp;bicicletas, motocicletas o mototaxis, pero ya se registr\u00f3 un accidente vial, por lo que exigen sus caminos para evitar mayores da\u00f1os.<\/p>\n\n\n\n<p>Por la tarde finalmente fue retirado el bloqueo, aunque la Secretar\u00eda de Gobierno no ha dado a conocer los acuerdos alcanzados.<\/p>\n\n\n\n<p>RUMBO A M\u00c9XICO<\/p>\n\n\n\n<p>Tambi\u00e9n, por al menos cinco horas, integrantes del Frente Nacional Ind\u00edgena y Campesino (FNIC) bloquearon al menos tres carreteras federales en el estado de Oaxaca.<\/p>\n\n\n\n<p>Uno de ellos fue en la supercarretera Oaxaca-Cuacnopalan, en inmediaciones del municipio de Asunci\u00f3n Nochixtl\u00e1n.<\/p>\n\n\n\n<p>Otro m\u00e1s en la carretera federal 190 a M\u00e9xico, a la altura del crucero a Tezoatl\u00e1n de Segura y Luna, antes de llegar al municipio de Huajuapan de Le\u00f3n y otro en la v\u00eda federal 200, en jurisdicci\u00f3n de Pinotepa Nacional.<\/p>\n\n\n\n<p>Lo anterior, con la finalidad de presionar a las autoridades para solucionar conflictos en materia de transporte; tambi\u00e9n por la tarde fueron retirados los cierres viales.<\/p>\n\n\n\n<p>AL ISTMO<\/p>\n\n\n\n<p>Tambi\u00e9n, desde las siete de la ma\u00f1ana y hasta la tarde de hoy, habitantes del fraccionamiento Rancho Valle del Lago, en el municipio de Tlacolula de Matamoros, cerraron el tr\u00e1nsito vehicular, para exigir el cumplimiento de la dotaci\u00f3n de un terreno para la construcci\u00f3n de un plantel educativo; hasta el momento se desconoce los acuerdos a los que llegaron con las autoridades municipales y estatales.<\/p>\n","protected":false},"excerpt":{"rendered":"<p>Yuridiana Sosa\/Zona Roja. Oaxaca de Ju\u00e1rez, Oax., 22 de febrero de 2024.- Los bloqueos carreteros&hellip;<\/p>\n","protected":false},"author":2,"featured_media":65558,"comment_status":"closed","ping_status":"open","sticky":false,"template":"","format":"standard","meta":{"_lmt_disableupdate":"","_lmt_disable":"","_jetpack_memberships_contains_paid_content":false,"footnotes":""},"categories":[109,47],"tags":[2264],"class_list":["post-65557","post","type-post","status-publish","format-standard","has-post-thumbnail","hentry","category-minuto-a-minuto","category-zona-gris","tag-bloqueos-y-protestas-oaxaca"],"jetpack_featured_media_url":"https:\/\/zonaroja.com.mx\/wp-content\/uploads\/2024\/02\/Bloqueo-supercarretera-a-la-Costa.jpeg","jetpack_sharing_enabled":true,"_links":{"self":[{"href":"https:\/\/zonaroja.com.mx\/index.php?rest_route=\/wp\/v2\/posts\/65557","targetHints":{"allow":["GET"]}}],"collection":[{"href":"https:\/\/zonaroja.com.mx\/index.php?rest_route=\/wp\/v2\/posts"}],"about":[{"href":"https:\/\/zonaroja.com.mx\/index.php?rest_route=\/wp\/v2\/types\/post"}],"author":[{"embeddable":true,"href":"https:\/\/zonaroja.com.mx\/index.php?rest_route=\/wp\/v2\/users\/2"}],"replies":[{"embeddable":true,"href":"https:\/\/zonaroja.com.mx\/index.php?rest_route=%2Fwp%2Fv2%2Fcomments&post=65557"}],"version-history":[{"count":2,"href":"https:\/\/zonaroja.com.mx\/index.php?rest_route=\/wp\/v2\/posts\/65557\/revisions"}],"predecessor-version":[{"id":65562,"href":"https:\/\/zonaroja.com.mx\/index.php?rest_route=\/wp\/v2\/posts\/65557\/revisions\/65562"}],"wp:featuredmedia":[{"embeddable":true,"href":"https:\/\/zonaroja.com.mx\/index.php?rest_route=\/wp\/v2\/media\/65558"}],"wp:attachment":[{"href":"https:\/\/zonaroja.com.mx\/index.php?rest_route=%2Fwp%2Fv2%2Fmedia&parent=65557"}],"wp:term":[{"taxonomy":"category","embeddable":true,"href":"https:\/\/zonaroja.com.mx\/index.php?rest_route=%2Fwp%2Fv2%2Fcategories&post=65557"},{"taxonomy":"post_tag","embeddable":true,"href":"https:\/\/zonaroja.com.mx\/index.php?rest_route=%2Fwp%2Fv2%2Ftags&post=65557"}],"curies":[{"name":"wp","href":"https:\/\/api.w.org\/{rel}","templated":true}]}}