{"id":65563,"date":"2024-02-22T20:39:33","date_gmt":"2024-02-23T02:39:33","guid":{"rendered":"http:\/\/www.zonaroja.com.mx\/?p=65563"},"modified":"2024-02-22T20:39:37","modified_gmt":"2024-02-23T02:39:37","slug":"revela-amlo-que-the-new-york-times-prepara-reportaje-en-su-contra","status":"publish","type":"post","link":"https:\/\/zonaroja.com.mx\/?p=65563","title":{"rendered":"Revela AMLO que \u00abThe New York Times\u00bb prepara reportaje en su contra \u00a0"},"content":{"rendered":"\n<p>Redacci\u00f3n\/Zona Roja Cdmx.<\/p>\n\n\n\n<p>Ciudad de M\u00e9xico, a 22 de febrero de 2024.- El Programa de las Am\u00e9ricas del Comit\u00e9 para la Protecci\u00f3n de los Periodistas (CPJ) expres\u00f3 su \u201cprofunda preocupaci\u00f3n\u201d por la difusi\u00f3n del tel\u00e9fono de una corresponsal del \u201cThe New York Times\u201d (NYT) en la conferencia matutina del presidente Andr\u00e9s Manuel L\u00f3pez Obrador, ya que \u00abpuso en riesgo\u00bb al equipo del diario estadounidense en el pa\u00eds.<\/p>\n\n\n\n<p>\u00abEl CPJ est\u00e1 profundamente preocupado sobre los comentarios del presidente L\u00f3pez Obrador hoy acerca de una investigaci\u00f3n del \u2018The New York Times\u2019 y su revelaci\u00f3n de datos personales (de la periodista Natalie Kitroeff), quien coordina la oficina del peri\u00f3dico en M\u00e9xico\u00bb, escribi\u00f3 la organizaci\u00f3n en su cuenta de X.<\/p>\n\n\n\n<p>Jan-Albert Hootsen, representante del CPJ en M\u00e9xico, precis\u00f3 que al revelar los datos de la periodista, el mandatario mexicano \u201cconscientemente puso en riesgo al equipo de NYT en el pa\u00eds m\u00e1s peligroso para la prensa en el hemisferio occidental\u201d.<\/p>\n\n\n\n<p>La organizaci\u00f3n se refiri\u00f3 as\u00ed a la exhibici\u00f3n que hizo este jueves L\u00f3pez Obrador de una carta de la corresponsal del diario en M\u00e9xico, Natalie Kitroeff, que inclu\u00eda su n\u00famero telef\u00f3nico y un cuestionario sobre la investigaci\u00f3n de los supuestos sobornos del Cartel de Sinaloa y del Cartel de los Zetas.<\/p>\n\n\n\n<p>Adem\u00e1s, calific\u00f3 de \u00abpasqu\u00edn inmundo\u00bb al NYT por indagar presuntos pagos del narcotr\u00e1fico que recibi\u00f3 su campa\u00f1a electoral de 2018 con base en una investigaci\u00f3n de Washington, ahora cerrada, que involucr\u00f3 tambi\u00e9n a sus hijos.<\/p>\n\n\n\n<p>Al respecto, tambi\u00e9n la organizaci\u00f3n Propuesta C\u00edvica, que defiende y promueve los derechos humanos y la libertad de expresi\u00f3n en M\u00e9xico, critic\u00f3 la decisi\u00f3n del presidente mexicano de revelar datos tan sensibles de la comunicadora.<\/p>\n\n\n\n<p>\u201cCuando se trata de los periodistas, el presidente @lopezobrador se enfoca en los n\u00fameros que no importan\u201d, expuso.<\/p>\n\n\n\n<p>Y manifest\u00f3 su apoyo a la periodista, al tiempo que conden\u00f3 \u201clos ataques en su contra y la violaci\u00f3n de su privacidad esta ma\u00f1ana\u201d.<\/p>\n\n\n\n<p>INDADA EL INAI<\/p>\n\n\n\n<p>La exhibici\u00f3n de los datos de Kitroeff llev\u00f3 a que el Instituto Nacional de Transparencia, Acceso a la Informaci\u00f3n y Protecci\u00f3n de Datos Personal (Inai) abriera una investigaci\u00f3n en contra del presidente para establecer si existen violaciones a la Ley General de Protecci\u00f3n de Datos Personales.<\/p>\n\n\n\n<p>Seg\u00fan el texto de Kitroeff, el peri\u00f3dico accedi\u00f3 a documentos y entrevistas en las que un informante cont\u00f3 a investigadores estadounidenses que \u00abuno de los confidentes m\u00e1s cercanos del presidente\u00bb se reuni\u00f3 con Ismael Zambada, uno de los l\u00edderes del Cartel de Sinaloa, antes de las elecciones de 2018.<\/p>\n\n\n\n<p>Otro afirm\u00f3 que, tras la victoria de L\u00f3pez Obrador, uno de los fundadores del Cartel de los Zetas pag\u00f3 4 millones de d\u00f3lares a dos aliados del mandatario con la esperanza de salir de prisi\u00f3n.<\/p>\n\n\n\n<p>Mientras que un tercero asegur\u00f3 a los investigadores estadounidenses que los carteles ten\u00edan videos que exhib\u00edan a los hijos del presidente mientras recib\u00edan dinero del crimen organizado.<\/p>\n\n\n\n<p>La investigaci\u00f3n se suma a la de ProPublica, que en enero public\u00f3 que la Agencia Antidrogas (DEA) indag\u00f3 una supuesta \u201cevidencia sustancial\u201d de que el Cartel de Sinaloa aport\u00f3 2 millones de d\u00f3lares a la campa\u00f1a presidencial de L\u00f3pez Obrador en 2006.&nbsp;<\/p>\n\n\n\n<p>PREOCUPA A NYT<\/p>\n\n\n\n<p>\u201cThe New York Times\u201d (NYT) calific\u00f3 de \u00abt\u00e1ctica preocupante e inaceptable\u00bb la difusi\u00f3n por parte de Andr\u00e9s Manuel L\u00f3pez Obrador del tel\u00e9fono celular de una corresponsal del peri\u00f3dico estadounidense que revel\u00f3 pesquisas en EU por presuntos pagos del narcotr\u00e1fico a la campa\u00f1a electoral de 2018 del actual presidente de M\u00e9xico.<\/p>\n\n\n\n<p>A trav\u00e9s de las redes sociales, NYT se\u00f1al\u00f3: \u00abEsta es una t\u00e1ctica preocupante e inaceptable por parte de un l\u00edder mundial en un momento en que las amenazas contra los periodistas van en aumento\u00bb.<\/p>\n\n\n\n<p>\u00abHemos publicado el art\u00edculo en cuesti\u00f3n y respaldamos nuestro trabajo de reporter\u00eda y a los periodistas que van en pos de la informaci\u00f3n a donde sea que esta se encuentre\u00bb, indic\u00f3 el peri\u00f3dico estadounidense.<\/p>\n\n\n\n<p>El art\u00edculo de los periodistas Alan Feuer y Natalie Kitroeff, publicado este jueves, se\u00f1ala que durante a\u00f1os, Estados Unidos investig\u00f3 acusaciones de que aliados de L\u00f3pez Obrador se reunieron con narcotraficantes y recibieron millones de d\u00f3lares de los c\u00e1rteles de la droga despu\u00e9s de su llegada a la presidencia en 2018.<\/p>\n\n\n\n<p>Seg\u00fan el peri\u00f3dico, EU nunca abri\u00f3 de forma oficial una investigaci\u00f3n y finalmente abandon\u00f3 las pesquisas.<\/p>\n\n\n\n<p>(Informaci\u00f3n de la agencia EFE en Diario de M\u00e9xico)<\/p>\n","protected":false},"excerpt":{"rendered":"<p>Redacci\u00f3n\/Zona Roja Cdmx. Ciudad de M\u00e9xico, a 22 de febrero de 2024.- El Programa de&hellip;<\/p>\n","protected":false},"author":2,"featured_media":65564,"comment_status":"closed","ping_status":"open","sticky":false,"template":"","format":"standard","meta":{"_lmt_disableupdate":"","_lmt_disable":"","_jetpack_memberships_contains_paid_content":false,"footnotes":""},"categories":[109,47],"tags":[143],"class_list":["post-65563","post","type-post","status-publish","format-standard","has-post-thumbnail","hentry","category-minuto-a-minuto","category-zona-gris","tag-andres-manuel-lopez-obrador"],"jetpack_featured_media_url":"https:\/\/zonaroja.com.mx\/wp-content\/uploads\/2024\/02\/New-York-times-y-Lopez-Obrador.jpeg","jetpack_sharing_enabled":true,"_links":{"self":[{"href":"https:\/\/zonaroja.com.mx\/index.php?rest_route=\/wp\/v2\/posts\/65563","targetHints":{"allow":["GET"]}}],"collection":[{"href":"https:\/\/zonaroja.com.mx\/index.php?rest_route=\/wp\/v2\/posts"}],"about":[{"href":"https:\/\/zonaroja.com.mx\/index.php?rest_route=\/wp\/v2\/types\/post"}],"author":[{"embeddable":true,"href":"https:\/\/zonaroja.com.mx\/index.php?rest_route=\/wp\/v2\/users\/2"}],"replies":[{"embeddable":true,"href":"https:\/\/zonaroja.com.mx\/index.php?rest_route=%2Fwp%2Fv2%2Fcomments&post=65563"}],"version-history":[{"count":1,"href":"https:\/\/zonaroja.com.mx\/index.php?rest_route=\/wp\/v2\/posts\/65563\/revisions"}],"predecessor-version":[{"id":65565,"href":"https:\/\/zonaroja.com.mx\/index.php?rest_route=\/wp\/v2\/posts\/65563\/revisions\/65565"}],"wp:featuredmedia":[{"embeddable":true,"href":"https:\/\/zonaroja.com.mx\/index.php?rest_route=\/wp\/v2\/media\/65564"}],"wp:attachment":[{"href":"https:\/\/zonaroja.com.mx\/index.php?rest_route=%2Fwp%2Fv2%2Fmedia&parent=65563"}],"wp:term":[{"taxonomy":"category","embeddable":true,"href":"https:\/\/zonaroja.com.mx\/index.php?rest_route=%2Fwp%2Fv2%2Fcategories&post=65563"},{"taxonomy":"post_tag","embeddable":true,"href":"https:\/\/zonaroja.com.mx\/index.php?rest_route=%2Fwp%2Fv2%2Ftags&post=65563"}],"curies":[{"name":"wp","href":"https:\/\/api.w.org\/{rel}","templated":true}]}}