{"id":65566,"date":"2024-02-22T20:51:54","date_gmt":"2024-02-23T02:51:54","guid":{"rendered":"http:\/\/www.zonaroja.com.mx\/?p=65566"},"modified":"2024-02-22T20:51:55","modified_gmt":"2024-02-23T02:51:55","slug":"arrecia-violencia-criminal-en-el-istmo-y-en-la-costa","status":"publish","type":"post","link":"https:\/\/zonaroja.com.mx\/?p=65566","title":{"rendered":"Arrecia violencia criminal en el Istmo y en la Costa"},"content":{"rendered":"\n<p>Ismael Garc\u00eda M.\/Zona Roja.<\/p>\n\n\n\n<p>Oaxaca de Ju\u00e1rez, Oax., a 22 de febrero de 2024.- Como resultado de un cateo en una casa del municipio de Ciudad Ixtepec, autoridades ministeriales hallaron una probable fosa clandestina con al menos dos cuerpos humanos.<\/p>\n\n\n\n<p>De acuerdo con informaci\u00f3n de medios informativos regionales, como \u201c50 Bravo\u201d, es en un domicilio de la calle Guadalupe Victoria casi esquina con Tehuantepec, colonia Estaci\u00f3n, donde se realizan las indagatorias.<\/p>\n\n\n\n<p>De manera preliminar, se tratar\u00eda de los cuerpos, uno enterrado totalmente y otro semienterrado, de David Jes\u00fas A. L., de 29 a\u00f1os de edad, y de Marco Antonio C. J., reportados como desaparecidos el pasado 19 de febrero en la misma colonia; hasta el momento no hay informaci\u00f3n oficial al respecto.<\/p>\n\n\n\n<p>Mientras tanto en el municipio de Mat\u00edas Romero Avenda\u00f1o, fue ejecutada una persona del sexo masculino, en la colonia Robles Oriente.<\/p>\n\n\n\n<p>En tanto que en el Barrio Ju\u00e1rez Sur fue incendiado un taxi, por razones hasta el momento desconocidas, aunque se presume que fue por parte de grupos criminales.<\/p>\n\n\n\n<p>En el municipio de Santiago Pinotepa Nacional, la madrugada de este jueves fue asesinado a balazos un joven, en la colonia 3 de Mayo.<\/p>\n\n\n\n<p>La v\u00edctima fue identificada como Carlos P. L., de 24 a\u00f1os de edad, y hasta el momento no hay personas detenidas por este crimen; en la zona se hallaron al menos una docena de casquillos percutidos, calibre nueve mil\u00edmetros.<\/p>\n\n\n\n<p>Tanto Mat\u00edas Romero como Ciudad Ixtepec y Pinotepa Nacional son gobernados por autoridades municipales surgidas del Partido Morena.<\/p>\n\n\n\n<p>Mientras que por la ma\u00f1ana, en el municipio de Miahuatl\u00e1n de Porfirio D\u00edaz fue asesinada a balazos una mujer.<\/p>\n","protected":false},"excerpt":{"rendered":"<p>Ismael Garc\u00eda M.\/Zona Roja. Oaxaca de Ju\u00e1rez, Oax., a 22 de febrero de 2024.- Como&hellip;<\/p>\n","protected":false},"author":2,"featured_media":65567,"comment_status":"closed","ping_status":"open","sticky":false,"template":"","format":"standard","meta":{"_lmt_disableupdate":"","_lmt_disable":"","_jetpack_memberships_contains_paid_content":false,"footnotes":""},"categories":[109,51],"tags":[703,228,916],"class_list":["post-65566","post","type-post","status-publish","format-standard","has-post-thumbnail","hentry","category-minuto-a-minuto","category-zona-roja","tag-ciudad-ixtepec","tag-matias-romero-avendano","tag-pinotepa-nacional"],"jetpack_featured_media_url":"https:\/\/zonaroja.com.mx\/wp-content\/uploads\/2024\/02\/GG-6eHQWwAAIwtC.jpeg","jetpack_sharing_enabled":true,"_links":{"self":[{"href":"https:\/\/zonaroja.com.mx\/index.php?rest_route=\/wp\/v2\/posts\/65566","targetHints":{"allow":["GET"]}}],"collection":[{"href":"https:\/\/zonaroja.com.mx\/index.php?rest_route=\/wp\/v2\/posts"}],"about":[{"href":"https:\/\/zonaroja.com.mx\/index.php?rest_route=\/wp\/v2\/types\/post"}],"author":[{"embeddable":true,"href":"https:\/\/zonaroja.com.mx\/index.php?rest_route=\/wp\/v2\/users\/2"}],"replies":[{"embeddable":true,"href":"https:\/\/zonaroja.com.mx\/index.php?rest_route=%2Fwp%2Fv2%2Fcomments&post=65566"}],"version-history":[{"count":1,"href":"https:\/\/zonaroja.com.mx\/index.php?rest_route=\/wp\/v2\/posts\/65566\/revisions"}],"predecessor-version":[{"id":65568,"href":"https:\/\/zonaroja.com.mx\/index.php?rest_route=\/wp\/v2\/posts\/65566\/revisions\/65568"}],"wp:featuredmedia":[{"embeddable":true,"href":"https:\/\/zonaroja.com.mx\/index.php?rest_route=\/wp\/v2\/media\/65567"}],"wp:attachment":[{"href":"https:\/\/zonaroja.com.mx\/index.php?rest_route=%2Fwp%2Fv2%2Fmedia&parent=65566"}],"wp:term":[{"taxonomy":"category","embeddable":true,"href":"https:\/\/zonaroja.com.mx\/index.php?rest_route=%2Fwp%2Fv2%2Fcategories&post=65566"},{"taxonomy":"post_tag","embeddable":true,"href":"https:\/\/zonaroja.com.mx\/index.php?rest_route=%2Fwp%2Fv2%2Ftags&post=65566"}],"curies":[{"name":"wp","href":"https:\/\/api.w.org\/{rel}","templated":true}]}}