{"id":65576,"date":"2024-02-23T07:21:21","date_gmt":"2024-02-23T13:21:21","guid":{"rendered":"http:\/\/www.zonaroja.com.mx\/?p=65576"},"modified":"2024-02-23T07:21:22","modified_gmt":"2024-02-23T13:21:22","slug":"y-alejandro-murat-se-mofa-de-morenistas-sera-senador-plurinominal","status":"publish","type":"post","link":"https:\/\/zonaroja.com.mx\/?p=65576","title":{"rendered":"Y Alejandro Murat se mofa de morenistas: ser\u00e1 senador plurinominal"},"content":{"rendered":"\n<p>Ismael Garc\u00eda M.\/Zona Roja.<\/p>\n\n\n\n<p>Oaxaca de Ju\u00e1rez, Oax., a 23 de febrero de 2023.- Tras los apapachos que le dio p\u00fablicamente el Presidente Andr\u00e9s Manuel L\u00f3pez Obrador en Oaxaca, el pasado 4 de febrero, el ex gobernador priista Alejandro Murat Hinojosa ser\u00e1 senador por la v\u00eda plurinominal, por el Partido Morena.<\/p>\n\n\n\n<p>Anoche, luego de una intensa jornada de gestiones, quien recientemente renunci\u00f3 al Revolucionario Institucional \u2014partido por el cual quiso ser candidato presidencial\u2014, entreg\u00f3 su documentaci\u00f3n para el registro de su candidatura.<\/p>\n\n\n\n<p>Se le habr\u00eda asignado la posici\u00f3n n\u00famero 11 de la lista de postulados por la v\u00eda de representaci\u00f3n proporcional, por encima de decenas de aspirantes y con varios a\u00f1os de lucha en Morena.<\/p>\n\n\n\n<p>Previo a ello, despu\u00e9s del mediod\u00eda, el hijo del tambi\u00e9n ex gobernador Jos\u00e9 Murat sali\u00f3 irritado de las oficinas de Morena, tras reunirse presuntamente con el dirigente nacional Mario Delgado, y evadi\u00f3 a los medios de comunicaci\u00f3n de la Ciudad de M\u00e9xico.<\/p>\n\n\n\n<p>\u201cCon todo respeto a m\u00ed no me ocupa dar informaci\u00f3n\u201d, respondi\u00f3 molesto el ex mandatario de Oaxaca ante la pregunta de periodistas, respecto a su probable designaci\u00f3n como candidato al Senado.&nbsp;<\/p>\n\n\n\n<p>-\u00bfPero de lo que platicaron ahorita? \u00bfLe dijo algo de la lista de por qu\u00e9 no hab\u00eda aparecido?<\/p>\n\n\n\n<p>-La verdad no tengo informaci\u00f3n \u2014respondi\u00f3 lac\u00f3nico y se retir\u00f3 a prisa.<\/p>\n\n\n\n<p>Por la noche, entrevistado por el diario \u201cLa Jornada\u201d, confirm\u00f3 que entreg\u00f3 su documentaci\u00f3n por el partido Morena, para ocupar una curul en la pr\u00f3xima legislatura del Senado de la Rep\u00fablica.<\/p>\n\n\n\n<p>\u201cA todo dar, muy agradecidos, muy contentos, vamos con todo\u2026 Vamos al Senado\u2026 la Alianza Progresista va a ser un puente que va a seguir trabajando para incorporar a m\u00e1s mexicanas y mexicanos que busquen un espacio y aportar ideas en esta ruta de la consolidaci\u00f3n de la Presidencia de la Rep\u00fablica de Claudia Sheinbaum\u201d, respondi\u00f3 sonriente.<\/p>\n\n\n\n<p>Apenas el domingo 4 de febrero, gener\u00f3 pol\u00e9mica y rechiflas de rechazo al acudir a la inauguraci\u00f3n de la supercarretera tramo Barranca Larga-Ventanilla, evento que presidieron el Presidente L\u00f3pez Obrador y el gobernador morenista Salom\u00f3n Jara Cruz.<\/p>\n\n\n\n<p>De inmediato, el mandatario mexicano acudi\u00f3 a abrazarlo y apapacharlo, para confirmar que lo apoya en todo, pese a las acusaciones en Oaxaca de m\u00faltiples actos de corrupci\u00f3n durante su sexenio.<\/p>\n","protected":false},"excerpt":{"rendered":"<p>Ismael Garc\u00eda M.\/Zona Roja. Oaxaca de Ju\u00e1rez, Oax., a 23 de febrero de 2023.- Tras&hellip;<\/p>\n","protected":false},"author":2,"featured_media":65570,"comment_status":"closed","ping_status":"open","sticky":false,"template":"","format":"standard","meta":{"_lmt_disableupdate":"","_lmt_disable":"","_jetpack_memberships_contains_paid_content":false,"footnotes":""},"categories":[109,47],"tags":[173],"class_list":["post-65576","post","type-post","status-publish","format-standard","has-post-thumbnail","hentry","category-minuto-a-minuto","category-zona-gris","tag-alejandro-murat-hinojosa"],"jetpack_featured_media_url":"https:\/\/zonaroja.com.mx\/wp-content\/uploads\/2024\/02\/Alejandro-Murat-Morena-Senado.jpg","jetpack_sharing_enabled":true,"_links":{"self":[{"href":"https:\/\/zonaroja.com.mx\/index.php?rest_route=\/wp\/v2\/posts\/65576","targetHints":{"allow":["GET"]}}],"collection":[{"href":"https:\/\/zonaroja.com.mx\/index.php?rest_route=\/wp\/v2\/posts"}],"about":[{"href":"https:\/\/zonaroja.com.mx\/index.php?rest_route=\/wp\/v2\/types\/post"}],"author":[{"embeddable":true,"href":"https:\/\/zonaroja.com.mx\/index.php?rest_route=\/wp\/v2\/users\/2"}],"replies":[{"embeddable":true,"href":"https:\/\/zonaroja.com.mx\/index.php?rest_route=%2Fwp%2Fv2%2Fcomments&post=65576"}],"version-history":[{"count":1,"href":"https:\/\/zonaroja.com.mx\/index.php?rest_route=\/wp\/v2\/posts\/65576\/revisions"}],"predecessor-version":[{"id":65577,"href":"https:\/\/zonaroja.com.mx\/index.php?rest_route=\/wp\/v2\/posts\/65576\/revisions\/65577"}],"wp:featuredmedia":[{"embeddable":true,"href":"https:\/\/zonaroja.com.mx\/index.php?rest_route=\/wp\/v2\/media\/65570"}],"wp:attachment":[{"href":"https:\/\/zonaroja.com.mx\/index.php?rest_route=%2Fwp%2Fv2%2Fmedia&parent=65576"}],"wp:term":[{"taxonomy":"category","embeddable":true,"href":"https:\/\/zonaroja.com.mx\/index.php?rest_route=%2Fwp%2Fv2%2Fcategories&post=65576"},{"taxonomy":"post_tag","embeddable":true,"href":"https:\/\/zonaroja.com.mx\/index.php?rest_route=%2Fwp%2Fv2%2Ftags&post=65576"}],"curies":[{"name":"wp","href":"https:\/\/api.w.org\/{rel}","templated":true}]}}