{"id":65578,"date":"2024-02-23T09:21:00","date_gmt":"2024-02-23T15:21:00","guid":{"rendered":"http:\/\/www.zonaroja.com.mx\/?p=65578"},"modified":"2024-02-23T07:50:01","modified_gmt":"2024-02-23T13:50:01","slug":"recibira-la-seccion-22-a-amlo-con-megaprotestas-el-proximo-lunes","status":"publish","type":"post","link":"https:\/\/zonaroja.com.mx\/?p=65578","title":{"rendered":"Recibir\u00e1 la Secci\u00f3n 22 a AMLO con megaprotestas el pr\u00f3ximo lunes"},"content":{"rendered":"\n<p>Ismael Garc\u00eda M.\/Zona Roja.<\/p>\n\n\n\n<p>Oaxaca de Ju\u00e1rez, Oax., a 23 de febrero de 2024.- Por segunda semana consecutiva, la Secci\u00f3n 22 del Sindicato Nacional de Trabajadores de la Educaci\u00f3n volver\u00e1 a suspender clases y paralizar Oaxaca con m\u00faltiples bloqueos carreteros en todas las regiones.<\/p>\n\n\n\n<p>De acuerdo con la convocatoria emitida ayer por la dirigencia de la gremial, ser\u00e1 el pr\u00f3ximo lunes 26 de febrero, en el marco de la visita del Presidente Andr\u00e9s Manuel L\u00f3pez Obrador, quien estar\u00e1 en Salina Cruz para inaugurar el rompeolas del puerto.<\/p>\n\n\n\n<p>El argumento del magisterio es solicitar al mandatario una reuni\u00f3n con la Comisi\u00f3n \u00danica Negociadora de la Coordinadora Nacional de Trabajadores de la Educaci\u00f3n (CNTE), a fin de plantear diversas demandas de esta agrupaci\u00f3n de sindicatos.<\/p>\n\n\n\n<p>Asimismo, la entrega de uniformes para la totalidad de estudiantes del nivel b\u00e1sico en la entidad oaxaque\u00f1a, para lo cual no dio plazo de espera, sino que exigi\u00f3 la dotaci\u00f3n ya.<\/p>\n\n\n\n<p>En el caso de la regi\u00f3n Valles Centrales, ahora s\u00ed todas sus movilizaciones y bloqueos ser\u00e1n en la ciudad de Oaxaca, en al menos ocho puntos.<\/p>\n\n\n\n<p>Entre ellos tres cruces de la calzada H\u00e9roes de Chapultepec, el crucero vial de Cinco Se\u00f1ores, la avenida S\u00edmbolos Patrios y el jard\u00edn Madero.<\/p>\n\n\n\n<p>Apenas el pasado martes 20 de febrero, la Secci\u00f3n 22 del SNTE realiz\u00f3 un paro de labores generalizado, con bloqueo de carreteras en todo el estado, para dar cobertura a una reuni\u00f3n de su dirigencia, en la Ciudad de M\u00e9xico, con autoridades del gobierno federal y del estatal, este \u00faltimo encabezado por el mandatario Salom\u00f3n Jara Cruz.<\/p>\n","protected":false},"excerpt":{"rendered":"<p>Ismael Garc\u00eda M.\/Zona Roja. Oaxaca de Ju\u00e1rez, Oax., a 23 de febrero de 2024.- Por&hellip;<\/p>\n","protected":false},"author":2,"featured_media":65579,"comment_status":"closed","ping_status":"open","sticky":false,"template":"","format":"standard","meta":{"_lmt_disableupdate":"","_lmt_disable":"","_jetpack_memberships_contains_paid_content":false,"footnotes":""},"categories":[109,47],"tags":[312],"class_list":["post-65578","post","type-post","status-publish","format-standard","has-post-thumbnail","hentry","category-minuto-a-minuto","category-zona-gris","tag-seccion-22-del-snte"],"jetpack_featured_media_url":"https:\/\/zonaroja.com.mx\/wp-content\/uploads\/2024\/02\/Seccion-22-del-SNTE.jpg","jetpack_sharing_enabled":true,"_links":{"self":[{"href":"https:\/\/zonaroja.com.mx\/index.php?rest_route=\/wp\/v2\/posts\/65578","targetHints":{"allow":["GET"]}}],"collection":[{"href":"https:\/\/zonaroja.com.mx\/index.php?rest_route=\/wp\/v2\/posts"}],"about":[{"href":"https:\/\/zonaroja.com.mx\/index.php?rest_route=\/wp\/v2\/types\/post"}],"author":[{"embeddable":true,"href":"https:\/\/zonaroja.com.mx\/index.php?rest_route=\/wp\/v2\/users\/2"}],"replies":[{"embeddable":true,"href":"https:\/\/zonaroja.com.mx\/index.php?rest_route=%2Fwp%2Fv2%2Fcomments&post=65578"}],"version-history":[{"count":1,"href":"https:\/\/zonaroja.com.mx\/index.php?rest_route=\/wp\/v2\/posts\/65578\/revisions"}],"predecessor-version":[{"id":65580,"href":"https:\/\/zonaroja.com.mx\/index.php?rest_route=\/wp\/v2\/posts\/65578\/revisions\/65580"}],"wp:featuredmedia":[{"embeddable":true,"href":"https:\/\/zonaroja.com.mx\/index.php?rest_route=\/wp\/v2\/media\/65579"}],"wp:attachment":[{"href":"https:\/\/zonaroja.com.mx\/index.php?rest_route=%2Fwp%2Fv2%2Fmedia&parent=65578"}],"wp:term":[{"taxonomy":"category","embeddable":true,"href":"https:\/\/zonaroja.com.mx\/index.php?rest_route=%2Fwp%2Fv2%2Fcategories&post=65578"},{"taxonomy":"post_tag","embeddable":true,"href":"https:\/\/zonaroja.com.mx\/index.php?rest_route=%2Fwp%2Fv2%2Ftags&post=65578"}],"curies":[{"name":"wp","href":"https:\/\/api.w.org\/{rel}","templated":true}]}}