{"id":65583,"date":"2024-02-23T11:30:00","date_gmt":"2024-02-23T17:30:00","guid":{"rendered":"http:\/\/www.zonaroja.com.mx\/?p=65583"},"modified":"2024-02-23T07:56:31","modified_gmt":"2024-02-23T13:56:31","slug":"galardonara-cabildo-de-oaxaca-a-10-mujeres-por-su-trayectoria","status":"publish","type":"post","link":"https:\/\/zonaroja.com.mx\/?p=65583","title":{"rendered":"Galardonar\u00e1 Cabildo de Oaxaca a 10 mujeres por su trayectoria"},"content":{"rendered":"\n<p>Ismael Garc\u00eda M.\/Zona Roja.<\/p>\n\n\n\n<p>Oaxaca de Ju\u00e1rez, Oax., a 23 de febrero de 2024.- El Cabildo de Oaxaca de Ju\u00e1rez aprob\u00f3 por unanimidad otorgar el reconocimiento ciudadano Mujer Oaxaque\u00f1o 2024 \u201cSara Artemisa Brena Torres\u201d a 10 mujeres, por su destacada trayectoria en distintos \u00e1mbitos.<\/p>\n\n\n\n<p>Se trata de Ana Luz Ramos Soto, Magda Leticia Canseco Benets, Mar\u00eda de Lourdes Mart\u00ednez G\u00f3mez, Nelly Margarita Robles Garc\u00eda, Tania Eulalia Mart\u00ednez Cruz, Consuelo Julieta Mart\u00ednez Ram\u00edrez, Matha Ileana Acevedo Brena, Elena Mart\u00ednez D\u00edaz, Eva V\u00e1squez Clemente y Paulina Alejandra R\u00edos Olivera<\/p>\n\n\n\n<p>Durante la sesi\u00f3n ordinaria de ayer se dio cuenta que se recibieron 17 propuestas, en el marco del homenaje a la primera regidora de Oaxaca de Ju\u00e1rez, Sara Artemisa \u2014hermana del ex gobernador Rodolfo Brena Torres\u2014, quien naci\u00f3 el 20 de octubre de 1913 en Ejutla de Crespo<\/p>\n\n\n\n<p>A los tres a\u00f1os, tuvo que mudarse con su familia a la ciudad de Oaxaca y falleci\u00f3 a los 43 a\u00f1os, lapso en el cual destac\u00f3 en la sociedad capitalina de la \u00e9poca.<\/p>\n\n\n\n<p>De acuerdo con actas de Cabildo, se documenta el momento en que fue designada como concejal, marcando un hito en la historia pol\u00edtica local, con la Regidur\u00eda de Educaci\u00f3n, Beneficencia y Publicidad, desde donde asumi\u00f3 un compromiso permanente con los habitantes de la sociedad.<\/p>\n\n\n\n<p>Su historia abri\u00f3 las puertas para generaciones futuras de mujeres en el \u00e1mbito de la pol\u00edtica local, se remarc\u00f3 durante la sesi\u00f3n del cuerpo edilicio, que fue presidida por el presidente municipal de Oaxaca de Ju\u00e1rez, Francisco Mart\u00ednez Neri.<\/p>\n","protected":false},"excerpt":{"rendered":"<p>Ismael Garc\u00eda M.\/Zona Roja. Oaxaca de Ju\u00e1rez, Oax., a 23 de febrero de 2024.- El&hellip;<\/p>\n","protected":false},"author":2,"featured_media":65573,"comment_status":"closed","ping_status":"open","sticky":false,"template":"","format":"standard","meta":{"_lmt_disableupdate":"","_lmt_disable":"","_jetpack_memberships_contains_paid_content":false,"footnotes":""},"categories":[109,46],"tags":[148],"class_list":["post-65583","post","type-post","status-publish","format-standard","has-post-thumbnail","hentry","category-minuto-a-minuto","category-zona-blanca","tag-oaxaca-de-juarez"],"jetpack_featured_media_url":"https:\/\/zonaroja.com.mx\/wp-content\/uploads\/2024\/02\/Sesion-de-Cabildo-Oaxaca.jpg","jetpack_sharing_enabled":true,"_links":{"self":[{"href":"https:\/\/zonaroja.com.mx\/index.php?rest_route=\/wp\/v2\/posts\/65583","targetHints":{"allow":["GET"]}}],"collection":[{"href":"https:\/\/zonaroja.com.mx\/index.php?rest_route=\/wp\/v2\/posts"}],"about":[{"href":"https:\/\/zonaroja.com.mx\/index.php?rest_route=\/wp\/v2\/types\/post"}],"author":[{"embeddable":true,"href":"https:\/\/zonaroja.com.mx\/index.php?rest_route=\/wp\/v2\/users\/2"}],"replies":[{"embeddable":true,"href":"https:\/\/zonaroja.com.mx\/index.php?rest_route=%2Fwp%2Fv2%2Fcomments&post=65583"}],"version-history":[{"count":1,"href":"https:\/\/zonaroja.com.mx\/index.php?rest_route=\/wp\/v2\/posts\/65583\/revisions"}],"predecessor-version":[{"id":65584,"href":"https:\/\/zonaroja.com.mx\/index.php?rest_route=\/wp\/v2\/posts\/65583\/revisions\/65584"}],"wp:featuredmedia":[{"embeddable":true,"href":"https:\/\/zonaroja.com.mx\/index.php?rest_route=\/wp\/v2\/media\/65573"}],"wp:attachment":[{"href":"https:\/\/zonaroja.com.mx\/index.php?rest_route=%2Fwp%2Fv2%2Fmedia&parent=65583"}],"wp:term":[{"taxonomy":"category","embeddable":true,"href":"https:\/\/zonaroja.com.mx\/index.php?rest_route=%2Fwp%2Fv2%2Fcategories&post=65583"},{"taxonomy":"post_tag","embeddable":true,"href":"https:\/\/zonaroja.com.mx\/index.php?rest_route=%2Fwp%2Fv2%2Ftags&post=65583"}],"curies":[{"name":"wp","href":"https:\/\/api.w.org\/{rel}","templated":true}]}}