{"id":65585,"date":"2024-02-23T13:30:00","date_gmt":"2024-02-23T19:30:00","guid":{"rendered":"http:\/\/www.zonaroja.com.mx\/?p=65585"},"modified":"2024-02-23T08:02:40","modified_gmt":"2024-02-23T14:02:40","slug":"siguen-desaparecidos-siete-elementos-de-la-guardia-nacional-en-bc","status":"publish","type":"post","link":"https:\/\/zonaroja.com.mx\/?p=65585","title":{"rendered":"Siguen desaparecidos siete elementos de la Guardia Nacional en BC"},"content":{"rendered":"\n<p>Redacci\u00f3n\/Zona Roja Cdmx.<\/p>\n\n\n\n<p>Ciudad de M\u00e9xico, a 23 de febrero de 2024.- Siete elementos de la Guardia Nacional se extraviaron en aguas del oc\u00e9ano Pac\u00edfico, frente a las costas del municipio de Ensenada, Baja California, durante una pr\u00e1ctica acu\u00e1tica que realizaban la tarde del martes; otros cuatro efectivos fueron rescatados tras el accidente, dio a conocer ayer la gobernadora del estado, Marina del Pilar \u00c1vila Olmeda.<\/p>\n\n\n\n<p>Un total de 11 uniformados efectuaban el ejercicio en la playa Corona cuando los arrastr\u00f3 una ola; cuatro lograron salir por sus medios y los asisti\u00f3 la direcci\u00f3n de bomberos municipal. Los rescatados dijeron que siete de sus compa\u00f1eros segu\u00edan en el mar.<\/p>\n\n\n\n<p>\u201cSiguen las b\u00fasquedas, est\u00e1n trabajando en coordinaci\u00f3n (con otras dependencias), incluso en la mesa de seguridad fue uno de los temas que se estuvo comentando con mayor amplitud con relaci\u00f3n a la b\u00fasqueda de los siete compa\u00f1eros\u201d, expuso la mandataria en su conferencia semanal.<\/p>\n\n\n\n<p>Abund\u00f3 que se mantiene una coordinaci\u00f3n permanente con las secretar\u00edas de Marina Armada de M\u00e9xico (Semar) y de la Defensa Nacional, as\u00ed como la Guardia Nacional para dar con los elementos.<\/p>\n\n\n\n<p>\u00c1vila Olmeda especific\u00f3 que en Ensenada, la Marina realiza recorridos para ubicar a los uniformados en la Bah\u00eda de Todos los Santos, desde la zona frente al Cipr\u00e9s, hasta Punta Banda.<\/p>\n\n\n\n<p>El operativo de b\u00fasqueda inici\u00f3 la tarde del martes luego de que a las 14:12 horas se report\u00f3 al Centro de Control, Comando y Comunicaci\u00f3n (C4) la situaci\u00f3n de los uniformados que&nbsp;\u201cse estaban ahogando\u201d, a quienes en un inicio identificaron como militares.<\/p>\n\n\n\n<p>Efectivos de la Semar y salvavidas de la Divisi\u00f3n Acu\u00e1tica de Bomberos atendieron el llamado de auxilio; pero s\u00f3lo rescataron a cuatro de los 11 guardias nacionales.<\/p>\n\n\n\n<p>(Informaci\u00f3n de \u201cLa Jornada\u201d)<\/p>\n","protected":false},"excerpt":{"rendered":"<p>Redacci\u00f3n\/Zona Roja Cdmx. Ciudad de M\u00e9xico, a 23 de febrero de 2024.- Siete elementos de&hellip;<\/p>\n","protected":false},"author":2,"featured_media":65586,"comment_status":"closed","ping_status":"open","sticky":false,"template":"","format":"standard","meta":{"_lmt_disableupdate":"","_lmt_disable":"","_jetpack_memberships_contains_paid_content":false,"footnotes":""},"categories":[109,47],"tags":[278],"class_list":["post-65585","post","type-post","status-publish","format-standard","has-post-thumbnail","hentry","category-minuto-a-minuto","category-zona-gris","tag-guardia-nacional"],"jetpack_featured_media_url":"https:\/\/zonaroja.com.mx\/wp-content\/uploads\/2024\/02\/Guardia-Nacional-desaparecidos-Ensenada.webp","jetpack_sharing_enabled":true,"_links":{"self":[{"href":"https:\/\/zonaroja.com.mx\/index.php?rest_route=\/wp\/v2\/posts\/65585","targetHints":{"allow":["GET"]}}],"collection":[{"href":"https:\/\/zonaroja.com.mx\/index.php?rest_route=\/wp\/v2\/posts"}],"about":[{"href":"https:\/\/zonaroja.com.mx\/index.php?rest_route=\/wp\/v2\/types\/post"}],"author":[{"embeddable":true,"href":"https:\/\/zonaroja.com.mx\/index.php?rest_route=\/wp\/v2\/users\/2"}],"replies":[{"embeddable":true,"href":"https:\/\/zonaroja.com.mx\/index.php?rest_route=%2Fwp%2Fv2%2Fcomments&post=65585"}],"version-history":[{"count":1,"href":"https:\/\/zonaroja.com.mx\/index.php?rest_route=\/wp\/v2\/posts\/65585\/revisions"}],"predecessor-version":[{"id":65587,"href":"https:\/\/zonaroja.com.mx\/index.php?rest_route=\/wp\/v2\/posts\/65585\/revisions\/65587"}],"wp:featuredmedia":[{"embeddable":true,"href":"https:\/\/zonaroja.com.mx\/index.php?rest_route=\/wp\/v2\/media\/65586"}],"wp:attachment":[{"href":"https:\/\/zonaroja.com.mx\/index.php?rest_route=%2Fwp%2Fv2%2Fmedia&parent=65585"}],"wp:term":[{"taxonomy":"category","embeddable":true,"href":"https:\/\/zonaroja.com.mx\/index.php?rest_route=%2Fwp%2Fv2%2Fcategories&post=65585"},{"taxonomy":"post_tag","embeddable":true,"href":"https:\/\/zonaroja.com.mx\/index.php?rest_route=%2Fwp%2Fv2%2Ftags&post=65585"}],"curies":[{"name":"wp","href":"https:\/\/api.w.org\/{rel}","templated":true}]}}