{"id":65588,"date":"2024-02-23T12:00:00","date_gmt":"2024-02-23T18:00:00","guid":{"rendered":"http:\/\/www.zonaroja.com.mx\/?p=65588"},"modified":"2024-02-23T12:07:11","modified_gmt":"2024-02-23T18:07:11","slug":"juez-federal-concede-amparo-al-cecam-para-que-tenga-reconocimiento-juridico","status":"publish","type":"post","link":"https:\/\/zonaroja.com.mx\/?p=65588","title":{"rendered":"Juez federal concede amparo al CECAM para que tenga reconocimiento jur\u00eddico"},"content":{"rendered":"\n<p>Redacci\u00f3n\/Zona Roja.&nbsp;<\/p>\n\n\n\n<p>Oaxaca de Ju\u00e1rez, Oax, a 23 de febrero de 2024.- El 21 de febrero de 2024, el Juez Decimoprimero de Distrito en Oaxaca concedi\u00f3 el amparo a cuatro profesores ind\u00edgenas mixes de Tlahuitoltepec, trabajadores del CECAM, para que se le otorgue el reconocimiento jur\u00eddico, a trav\u00e9s de un decreto por el que se crea la Comisi\u00f3n Presidencial para definir e implementar alternativas jur\u00eddicas y administrativas, que permitan apoyar con recursos p\u00fablicos a escuelas ind\u00edgenas que tienen por objeto desarrollar una educaci\u00f3n y formaci\u00f3n musical.<\/p>\n\n\n\n<p>A pesar de la importancia que tiene el CECAM, que es uno de los centros de formaci\u00f3n musical m\u00e1s importantes del pa\u00eds pues incluso han amenizado actos del Presidente de la Rep\u00fablica y se han presentado en eventos en el extranjero, hasta la fecha no tiene reconocimiento jur\u00eddico por lo que no puede recibir apoyos ni recursos de la Federaci\u00f3n.<\/p>\n\n\n\n<p>Ante tal situaci\u00f3n, el 22 de diciembre de 2022, Carolina V\u00e1squez Cardozo, Mar\u00eda Luisa P\u00e9rez D\u00edas, Elena Mart\u00ednez Cardozo y Silvestre V\u00e1squez Cardozo, profesores y artistas mixes trabajadores del Cecam, de la mano de Litigio Estrat\u00e9gico Ind\u00edgena, promovieron un juicio de amparo para que ese centro educativo tenga personalidad jur\u00eddica y de esa manera pueda recibir apoyos econ\u00f3micos para evitar su desaparici\u00f3n.<\/p>\n\n\n\n<p>Los cuatro profesores ind\u00edgenas mixes, acudieron a Litigio Estrat\u00e9gico Ind\u00edgena A.C., organizaci\u00f3n no gubernamental para que los representara y promoviera un juicio de amparo contra la omisi\u00f3n de la Secretar\u00eda de Cultura Federal, la Secretar\u00eda de Hacienda y Cr\u00e9dito P\u00fablico y la Consejer\u00eda Jur\u00eddica Federal que son omisos en reconocerles personalidad jur\u00eddica al Centro de Capacitaci\u00f3n Musical.<\/p>\n\n\n\n<p>Despu\u00e9s de m\u00e1s de un a\u00f1o de litigio, el Juez de Distrito declar\u00f3 fundada la demanda de Litigio Estrat\u00e9gico Ind\u00edgena A.C. y los profesores ind\u00edgenas. Y orden\u00f3 dar continuidad al Decreto por el que se crea la Comisi\u00f3n Presidencial para definir e implementar alternativas jur\u00eddicas y administrativas, que permitan apoyar con recursos p\u00fablicos a escuelas ind\u00edgenas que tienen por objeto desarrollar una educaci\u00f3n y formaci\u00f3n musical.<\/p>\n\n\n\n<p>Cabe recordar que AMLO emiti\u00f3 un decreto para implementar alternativas jur\u00eddicas para apoyar al CECAM pero la Secretar\u00eda de Cultura, el Instituto Nacional de los Pueblos Ind\u00edgenas y la Secretar\u00eda de Hacienda y Cr\u00e9dito P\u00fablico han sido omisas en reconocer la personalidad jur\u00eddica del CECAM.<\/p>\n\n\n\n<p>En entrevista con la maestra Mariana Y\u00e1\u00f1ez Unda, abogada de Litigio Estrat\u00e9gico Ind\u00edgena, indic\u00f3 que es necesario, mediante las acciones jur\u00eddicas, hacer vigente los derechos de los pueblos ind\u00edgenas y es importante que las instituciones ind\u00edgenas deban revitalizarse y protegerse porque eso garantiza su supervivencia. Indic\u00f3 que el Poder Judicial de la Federaci\u00f3n emerge como un valladar contra las omisiones del Poder Ejecutivo y como un \u00f3rgano de protecci\u00f3n a los derechos de los pueblos ind\u00edgenas.<\/p>\n\n\n\n<p>(Comunicado)<\/p>\n","protected":false},"excerpt":{"rendered":"<p>Redacci\u00f3n\/Zona Roja.&nbsp; Oaxaca de Ju\u00e1rez, Oax, a 23 de febrero de 2024.- El 21 de&hellip;<\/p>\n","protected":false},"author":2,"featured_media":51969,"comment_status":"closed","ping_status":"open","sticky":false,"template":"","format":"standard","meta":{"_lmt_disableupdate":"","_lmt_disable":"","_jetpack_memberships_contains_paid_content":false,"footnotes":""},"categories":[109,46],"tags":[897],"class_list":["post-65588","post","type-post","status-publish","format-standard","has-post-thumbnail","hentry","category-minuto-a-minuto","category-zona-blanca","tag-litigio-estrategico-indigena"],"jetpack_featured_media_url":"https:\/\/zonaroja.com.mx\/wp-content\/uploads\/2023\/02\/Cecam-Mixe-Oaxaca.jpeg","jetpack_sharing_enabled":true,"_links":{"self":[{"href":"https:\/\/zonaroja.com.mx\/index.php?rest_route=\/wp\/v2\/posts\/65588","targetHints":{"allow":["GET"]}}],"collection":[{"href":"https:\/\/zonaroja.com.mx\/index.php?rest_route=\/wp\/v2\/posts"}],"about":[{"href":"https:\/\/zonaroja.com.mx\/index.php?rest_route=\/wp\/v2\/types\/post"}],"author":[{"embeddable":true,"href":"https:\/\/zonaroja.com.mx\/index.php?rest_route=\/wp\/v2\/users\/2"}],"replies":[{"embeddable":true,"href":"https:\/\/zonaroja.com.mx\/index.php?rest_route=%2Fwp%2Fv2%2Fcomments&post=65588"}],"version-history":[{"count":1,"href":"https:\/\/zonaroja.com.mx\/index.php?rest_route=\/wp\/v2\/posts\/65588\/revisions"}],"predecessor-version":[{"id":65589,"href":"https:\/\/zonaroja.com.mx\/index.php?rest_route=\/wp\/v2\/posts\/65588\/revisions\/65589"}],"wp:featuredmedia":[{"embeddable":true,"href":"https:\/\/zonaroja.com.mx\/index.php?rest_route=\/wp\/v2\/media\/51969"}],"wp:attachment":[{"href":"https:\/\/zonaroja.com.mx\/index.php?rest_route=%2Fwp%2Fv2%2Fmedia&parent=65588"}],"wp:term":[{"taxonomy":"category","embeddable":true,"href":"https:\/\/zonaroja.com.mx\/index.php?rest_route=%2Fwp%2Fv2%2Fcategories&post=65588"},{"taxonomy":"post_tag","embeddable":true,"href":"https:\/\/zonaroja.com.mx\/index.php?rest_route=%2Fwp%2Fv2%2Ftags&post=65588"}],"curies":[{"name":"wp","href":"https:\/\/api.w.org\/{rel}","templated":true}]}}