{"id":65590,"date":"2024-02-23T08:13:19","date_gmt":"2024-02-23T14:13:19","guid":{"rendered":"http:\/\/www.zonaroja.com.mx\/?p=65590"},"modified":"2024-02-23T08:13:20","modified_gmt":"2024-02-23T14:13:20","slug":"vocero-de-la-casa-blanca-confirma-que-no-hay-investigacion-contra-amlo","status":"publish","type":"post","link":"https:\/\/zonaroja.com.mx\/?p=65590","title":{"rendered":"Vocero de la Casa Blanca confirma que no hay investigaci\u00f3n contra AMLO"},"content":{"rendered":"\n<p>Redacci\u00f3n\/Zona Roja Cdmx.<\/p>\n\n\n\n<p>Ciudad de M\u00e9xico, a 23 de febrero de 2024.- El portavoz del Consejo de Seguridad Nacional, John Kirby, confirm\u00f3 en conferencia virtual que no existe una investigaci\u00f3n sobre el presidente de M\u00e9xico, Andr\u00e9s Manuel L\u00f3pez Obrador, y presuntas conexiones con el narcotr\u00e1fico, de acuerdo a informaci\u00f3n publicada por el diario &#8216;La Opini\u00f3n&#8217;.<\/p>\n\n\n\n<p>\u201cNo hay ninguna investigaci\u00f3n sobre el presidente L\u00f3pez Obrador\u201d, dijo Kirby al abordar el tema.<\/p>\n\n\n\n<p>Dijo que el Departamento de Justicia deber\u00eda ampliar la informaci\u00f3n sobre las investigaciones a aliados del presidente de M\u00e9xico y las campa\u00f1as electorales.<\/p>\n\n\n\n<p>Este diario pregunt\u00f3 al Departamento de Justicia detalles de la indagatoria, pero no ha respondido al respecto.<\/p>\n\n\n\n<p>Kirby defendi\u00f3 la relaci\u00f3n del gobierno del presidente Joe Biden con el de L\u00f3pez Obrador.<\/p>\n\n\n\n<p>\u201cTendr\u00eda que se\u00f1alarle al Departamento de Justicia para cualquier cosa espec\u00edfica, y como ya lo han dicho, consta en el expediente que no hay ninguna investigaci\u00f3n sobre el presidente L\u00f3pez Obrador\u201d, insisti\u00f3 Kirby.<\/p>\n\n\n\n<p>El experto en seguridad nacional y acciones militares record\u00f3 que el DOJ ya hab\u00eda dejado en otra ocasi\u00f3n \u201cen claro\u201d que no hab\u00eda una investigaci\u00f3n abierta al presidente de M\u00e9xico.<\/p>\n\n\n\n<p>\u201cCreo que el Departamento de Justicia ya ha dejado claro que no hay ninguna investigaci\u00f3n sobre el presidente L\u00f3pez Obrador\u201d, dijo Kirby. \u201cY el Departamento de Justicia tendr\u00eda la responsabilidad de revisar cualquier acusaci\u00f3n\u201d.<\/p>\n\n\n\n<p>El funcionario de la Administraci\u00f3n Biden insisti\u00f3 en la relaci\u00f3n con M\u00e9xico, incluyendo asuntos migratorios.<\/p>\n\n\n\n<p>\u201cObviamente seguimos trabajando con la Administraci\u00f3n del se\u00f1or L\u00f3pez Obrador para hacer lo que podamos para hacer frente a esta migraci\u00f3n sin precedentes en el hemisferio y la situaci\u00f3n en la frontera, que sigue siendo un foco clave para la Administraci\u00f3n Biden\u201d, dijo Kirby. \u201cHay otra raz\u00f3n por la que ten\u00edamos esperanzas sobre el acuerdo del Senado para aprobar un financiamiento suplementario que inclu\u00eda fondos adicionales para la seguridad en la frontera.<\/p>\n\n\n\n<p>EL REPORTE<\/p>\n\n\n\n<p>El presidente L\u00f3pez Obrador, tambi\u00e9n conocido como AMLO, revel\u00f3 en su&nbsp;conferencia matutina&nbsp;que el NYT le pidi\u00f3 reacci\u00f3n sobre un reportaje que publicar\u00eda sobre nexos de su equipo de campa\u00f1a en 2018 con el crimen organizado.<\/p>\n\n\n\n<p>En una acci\u00f3n inusual, L\u00f3pez Obrador revel\u00f3 algunas de las preguntas enviadas por Natalie Kitroef, jefa de la oficina del Times en la Ciudad de M\u00e9xico y coautora del texto con Alan Feuer.<\/p>\n\n\n\n<p>\u201cQuiero informarle que estamos trabajando en un reportaje sobre una investigaci\u00f3n que realiz\u00f3 el gobierno de Estados Unidos durante el sexenio del presidente Andr\u00e9s Manuel L\u00f3pez Obrador\u201d, dice la carta de Kitroef que AMLO ley\u00f3.<\/p>\n\n\n\n<p>Tras la revelaci\u00f3n del mandatario, el Times public\u00f3&nbsp;el reportaje&nbsp;antes del mediod\u00eda, cuando ten\u00eda planeado hacerlo a las 5:00 p.m. o m\u00e1s tarde, seg\u00fan la propia carta.<\/p>\n\n\n\n<p>El reporte indica que el Gobierno de EE.UU. ha investigado a aliados del presidente mexicano sobre posibles nexos con el narco y su campa\u00f1a electoral, incluso que algunos de los informantes tienen videos de los hijos de AMLO recibiendo dinero del narcotr\u00e1fico.<\/p>\n\n\n\n<p>Sin embargo, el mismo reporte se\u00f1ala que no hay una conexi\u00f3n directa entre el narco y el presidente L\u00f3pez Obrador.<\/p>\n\n\n\n<p>\u201cSi bien los recientes esfuerzos de los funcionarios estadounidenses identificaron posibles v\u00ednculos entre los c\u00e1rteles y los asociados de L\u00f3pez Obrador, no encontraron ninguna conexi\u00f3n directa entre el propio presidente y las organizaciones criminales\u201d, dice el reportaje.<\/p>\n\n\n\n<p>Destaca que la investigaci\u00f3n se hizo con datos de informantes \u201cdif\u00edcil\u201d de corroborar.<\/p>\n\n\n\n<p>Gran parte de la informaci\u00f3n recopilada por funcionarios estadounidenses provino de&nbsp;informantes cuyos relatos pueden ser dif\u00edciles de corroborar&nbsp;y, en ocasiones, terminan siendo incorrectos\u201d, dice el informe.<\/p>\n\n\n\n<p>(Informaci\u00f3n de \u201cLa Jornada\u201d)<\/p>\n","protected":false},"excerpt":{"rendered":"<p>Redacci\u00f3n\/Zona Roja Cdmx. Ciudad de M\u00e9xico, a 23 de febrero de 2024.- El portavoz del&hellip;<\/p>\n","protected":false},"author":2,"featured_media":54378,"comment_status":"closed","ping_status":"open","sticky":false,"template":"","format":"standard","meta":{"_lmt_disableupdate":"","_lmt_disable":"","_jetpack_memberships_contains_paid_content":false,"footnotes":""},"categories":[109,47],"tags":[143],"class_list":["post-65590","post","type-post","status-publish","format-standard","has-post-thumbnail","hentry","category-minuto-a-minuto","category-zona-gris","tag-andres-manuel-lopez-obrador"],"jetpack_featured_media_url":"https:\/\/zonaroja.com.mx\/wp-content\/uploads\/2023\/04\/Jhon-Kirby-Casa-Blanca.webp","jetpack_sharing_enabled":true,"_links":{"self":[{"href":"https:\/\/zonaroja.com.mx\/index.php?rest_route=\/wp\/v2\/posts\/65590","targetHints":{"allow":["GET"]}}],"collection":[{"href":"https:\/\/zonaroja.com.mx\/index.php?rest_route=\/wp\/v2\/posts"}],"about":[{"href":"https:\/\/zonaroja.com.mx\/index.php?rest_route=\/wp\/v2\/types\/post"}],"author":[{"embeddable":true,"href":"https:\/\/zonaroja.com.mx\/index.php?rest_route=\/wp\/v2\/users\/2"}],"replies":[{"embeddable":true,"href":"https:\/\/zonaroja.com.mx\/index.php?rest_route=%2Fwp%2Fv2%2Fcomments&post=65590"}],"version-history":[{"count":1,"href":"https:\/\/zonaroja.com.mx\/index.php?rest_route=\/wp\/v2\/posts\/65590\/revisions"}],"predecessor-version":[{"id":65591,"href":"https:\/\/zonaroja.com.mx\/index.php?rest_route=\/wp\/v2\/posts\/65590\/revisions\/65591"}],"wp:featuredmedia":[{"embeddable":true,"href":"https:\/\/zonaroja.com.mx\/index.php?rest_route=\/wp\/v2\/media\/54378"}],"wp:attachment":[{"href":"https:\/\/zonaroja.com.mx\/index.php?rest_route=%2Fwp%2Fv2%2Fmedia&parent=65590"}],"wp:term":[{"taxonomy":"category","embeddable":true,"href":"https:\/\/zonaroja.com.mx\/index.php?rest_route=%2Fwp%2Fv2%2Fcategories&post=65590"},{"taxonomy":"post_tag","embeddable":true,"href":"https:\/\/zonaroja.com.mx\/index.php?rest_route=%2Fwp%2Fv2%2Ftags&post=65590"}],"curies":[{"name":"wp","href":"https:\/\/api.w.org\/{rel}","templated":true}]}}