{"id":65592,"date":"2024-02-23T13:07:46","date_gmt":"2024-02-23T19:07:46","guid":{"rendered":"http:\/\/www.zonaroja.com.mx\/?p=65592"},"modified":"2024-02-23T13:07:50","modified_gmt":"2024-02-23T19:07:50","slug":"confirma-fiscalia-hallazgo-de-un-cuerpo-en-ciudad-ixtepec-oaxaca","status":"publish","type":"post","link":"https:\/\/zonaroja.com.mx\/?p=65592","title":{"rendered":"Confirma Fiscal\u00eda hallazgo de un cuerpo en Ciudad Ixtepec, Oaxaca"},"content":{"rendered":"\n<p>Raymundo Morales\/Zona Roja.&nbsp;<\/p>\n\n\n\n<p>Oaxaca de Ju\u00e1rez, Oax., a 23 de febrero de 2024.-&nbsp;La Fiscal\u00eda General del Estado de Oaxaca (FGEO) confirm\u00f3 el hallazgo del cuerpo de una persona sin vida, como resultado de la ejecuci\u00f3n de una orden de cateo derivada de una carpeta de investigaci\u00f3n iniciada por el delito de Desaparici\u00f3n Cometida por Particulares, en Ciudad Ixtepec, Oaxaca.&nbsp;<\/p>\n\n\n\n<p>En un comunicado, detall\u00f3 que&nbsp;la tarde de este jueves 22 de febrero de 2024, un equipo multidisciplinario encabezado por elementos de la Agencia Estatal de Investigaciones (AEI), en colaboraci\u00f3n con la Guardia Nacional, la Secretar\u00eda de la Defensa Nacional (Sedena) y la Polic\u00eda Estatal, realizaron un operativo al interior de un domicilio localizado en la&nbsp;avenida Guadalupe Victoria, de la colonia La Estaci\u00f3n, en el municipio istme\u00f1o.<\/p>\n\n\n\n<p>\u201cEn el sitio encontraron los restos de una persona quien, debido a las condiciones de degradaci\u00f3n natural del cuerpo sin vida, permanece sin identificar, por lo que ser\u00e1 sometida a estudios forenses para establecer de qui\u00e9n se trata.<\/p>\n\n\n\n<p>Adem\u00e1s, se encontraron diversos indicios que quedaron integrados a las investigaciones por este caso de Desaparici\u00f3n Cometida por Particulares que, luego de la ejecuci\u00f3n de este mandato judicial, fortaleci\u00f3 y deline\u00f3 las principales l\u00edneas de investigaci\u00f3n que dan claridad sobre la ruta para dar con los responsables\u201d, detall\u00f3.&nbsp;<\/p>\n\n\n\n<p>Desde ayer se dio a conocer el operativo en dicho municipio, tras la difusi\u00f3n falsa del hallazgo de dos cabezas humanas, lo que caus\u00f3 alarma en dicho municipio, donde en una semana han desaparecido tres personas del sexo masculino.<\/p>\n\n\n\n<p>Aunque la Fiscal\u00eda no lo ha confirmado, de manera extraoficial se sabe de al menos tres personas detenidas.&nbsp;<\/p>\n\n\n\n<p>Y que el cuerpos hallado ayer podr\u00eda ser de&nbsp;Jos\u00e9 \u00c1lvaro D.C., de 42 a\u00f1os de edad,&nbsp;desaparecido el pasado 10 de febrero en Ciudad Ixtepec.&nbsp;<\/p>\n","protected":false},"excerpt":{"rendered":"<p>Raymundo Morales\/Zona Roja.&nbsp; Oaxaca de Ju\u00e1rez, Oax., a 23 de febrero de 2024.-&nbsp;La Fiscal\u00eda General&hellip;<\/p>\n","protected":false},"author":2,"featured_media":48154,"comment_status":"closed","ping_status":"open","sticky":false,"template":"","format":"standard","meta":{"_lmt_disableupdate":"","_lmt_disable":"","_jetpack_memberships_contains_paid_content":false,"footnotes":""},"categories":[109,47],"tags":[],"class_list":["post-65592","post","type-post","status-publish","format-standard","has-post-thumbnail","hentry","category-minuto-a-minuto","category-zona-gris"],"jetpack_featured_media_url":"https:\/\/zonaroja.com.mx\/wp-content\/uploads\/2022\/11\/Ciudad-Ixtepec.jpg","jetpack_sharing_enabled":true,"_links":{"self":[{"href":"https:\/\/zonaroja.com.mx\/index.php?rest_route=\/wp\/v2\/posts\/65592","targetHints":{"allow":["GET"]}}],"collection":[{"href":"https:\/\/zonaroja.com.mx\/index.php?rest_route=\/wp\/v2\/posts"}],"about":[{"href":"https:\/\/zonaroja.com.mx\/index.php?rest_route=\/wp\/v2\/types\/post"}],"author":[{"embeddable":true,"href":"https:\/\/zonaroja.com.mx\/index.php?rest_route=\/wp\/v2\/users\/2"}],"replies":[{"embeddable":true,"href":"https:\/\/zonaroja.com.mx\/index.php?rest_route=%2Fwp%2Fv2%2Fcomments&post=65592"}],"version-history":[{"count":1,"href":"https:\/\/zonaroja.com.mx\/index.php?rest_route=\/wp\/v2\/posts\/65592\/revisions"}],"predecessor-version":[{"id":65593,"href":"https:\/\/zonaroja.com.mx\/index.php?rest_route=\/wp\/v2\/posts\/65592\/revisions\/65593"}],"wp:featuredmedia":[{"embeddable":true,"href":"https:\/\/zonaroja.com.mx\/index.php?rest_route=\/wp\/v2\/media\/48154"}],"wp:attachment":[{"href":"https:\/\/zonaroja.com.mx\/index.php?rest_route=%2Fwp%2Fv2%2Fmedia&parent=65592"}],"wp:term":[{"taxonomy":"category","embeddable":true,"href":"https:\/\/zonaroja.com.mx\/index.php?rest_route=%2Fwp%2Fv2%2Fcategories&post=65592"},{"taxonomy":"post_tag","embeddable":true,"href":"https:\/\/zonaroja.com.mx\/index.php?rest_route=%2Fwp%2Fv2%2Ftags&post=65592"}],"curies":[{"name":"wp","href":"https:\/\/api.w.org\/{rel}","templated":true}]}}