{"id":6560,"date":"2019-12-10T22:04:45","date_gmt":"2019-12-11T04:04:45","guid":{"rendered":"http:\/\/www.zonaroja.com.mx\/?p=6560"},"modified":"2019-12-10T22:04:48","modified_gmt":"2019-12-11T04:04:48","slug":"suman-tres-asesinados-en-oaxaca-dos-en-el-istmo-donde-anduvo-el-gobernador","status":"publish","type":"post","link":"https:\/\/zonaroja.com.mx\/?p=6560","title":{"rendered":"Suman tres asesinados en Oaxaca, dos en el Istmo, donde anduvo el gobernador"},"content":{"rendered":"\n<p>Redacci\u00f3n\/Zona\nRoja.<\/p>\n\n\n\n<p>Oaxaca\nde Ju\u00e1rez, Oax., 10 de diciembre de 2019.- Tres personas han sido ejecutadas a\nbalazos en el transcurso de este martes en Oaxaca, dos de ellas en el Istmo de\nTehuantepec, regi\u00f3n que visit\u00f3 hoy el gobernador Alejandro Murat Hinojosa.<\/p>\n\n\n\n<p>Esta\nnoche, en Santo Domingo Zanatepec, fue ultimado a balazos un individuo\nidentificado como Javier N., por parte de sujetos que arribaron a su domicilio;\nhasta el momento no hay m\u00f3vil de la agresi\u00f3n armada.<\/p>\n\n\n\n<p>Mientras\nque en Pinotepa Nacional, regi\u00f3n de la Costa, a un costado de la carretera\nfederal 200, a la altura del crucero a la localidad de Mancuernas, fue asesinado\nun taxista.<\/p>\n\n\n\n<p>La\nv\u00edctima, Juan C. P., presenta varios disparos de arma de fuego en el cuerpo y\nconduc\u00eda el taxi con n\u00famero econ\u00f3mico 14-391, del sitio \u201cAurora L\u00f3pez Acevedo\u201d.<\/p>\n\n\n\n<p>En\ntanto, como se inform\u00f3, alrededor de las 05:00 horas fue ejecutado a balazos el\nprofesor de educaci\u00f3n f\u00edsica, Gabriel Alberto Altamirano S., cuando sal\u00eda de su\ndomicilio, en la Segunda Secci\u00f3n de Juchit\u00e1n de Zaragoza.<\/p>\n\n\n\n<p>Al\nmediod\u00eda en esa misma ciudad istme\u00f1a, estuvo el gobernador Murat Hinojosa para\npresidir actividades educativas.<\/p>\n\n\n\n<p>Mientras\ntanto, anoche fue asaltado un autob\u00fas de la l\u00ednea SUR, en la carretera federal\n190, Oaxaca-Istmo, en el tramo Jalapa del Marqu\u00e9s-Santo Domingo Tehuantepec.<\/p>\n\n\n\n<p>Sujetos\narmados que viajaban como pasajeros amagaron a los clientes y chofer, los\ndespojaron de todos sus bienes, tras lo cual se dieron a la fuga.<\/p>\n","protected":false},"excerpt":{"rendered":"<p>Redacci\u00f3n\/Zona Roja. Oaxaca de Ju\u00e1rez, Oax., 10 de diciembre de 2019.- Tres personas han sido&hellip;<\/p>\n","protected":false},"author":2,"featured_media":5699,"comment_status":"closed","ping_status":"open","sticky":false,"template":"","format":"standard","meta":{"_lmt_disableupdate":"","_lmt_disable":"","_jetpack_memberships_contains_paid_content":false,"footnotes":""},"categories":[109,51],"tags":[123,809],"class_list":["post-6560","post","type-post","status-publish","format-standard","has-post-thumbnail","hentry","category-minuto-a-minuto","category-zona-roja","tag-juchitan-de-zaragoza","tag-santo-domingo-zanatepec"],"jetpack_featured_media_url":"https:\/\/zonaroja.com.mx\/wp-content\/uploads\/2019\/11\/Taxistas-asesinados.jpg","jetpack_sharing_enabled":true,"_links":{"self":[{"href":"https:\/\/zonaroja.com.mx\/index.php?rest_route=\/wp\/v2\/posts\/6560","targetHints":{"allow":["GET"]}}],"collection":[{"href":"https:\/\/zonaroja.com.mx\/index.php?rest_route=\/wp\/v2\/posts"}],"about":[{"href":"https:\/\/zonaroja.com.mx\/index.php?rest_route=\/wp\/v2\/types\/post"}],"author":[{"embeddable":true,"href":"https:\/\/zonaroja.com.mx\/index.php?rest_route=\/wp\/v2\/users\/2"}],"replies":[{"embeddable":true,"href":"https:\/\/zonaroja.com.mx\/index.php?rest_route=%2Fwp%2Fv2%2Fcomments&post=6560"}],"version-history":[{"count":1,"href":"https:\/\/zonaroja.com.mx\/index.php?rest_route=\/wp\/v2\/posts\/6560\/revisions"}],"predecessor-version":[{"id":6561,"href":"https:\/\/zonaroja.com.mx\/index.php?rest_route=\/wp\/v2\/posts\/6560\/revisions\/6561"}],"wp:featuredmedia":[{"embeddable":true,"href":"https:\/\/zonaroja.com.mx\/index.php?rest_route=\/wp\/v2\/media\/5699"}],"wp:attachment":[{"href":"https:\/\/zonaroja.com.mx\/index.php?rest_route=%2Fwp%2Fv2%2Fmedia&parent=6560"}],"wp:term":[{"taxonomy":"category","embeddable":true,"href":"https:\/\/zonaroja.com.mx\/index.php?rest_route=%2Fwp%2Fv2%2Fcategories&post=6560"},{"taxonomy":"post_tag","embeddable":true,"href":"https:\/\/zonaroja.com.mx\/index.php?rest_route=%2Fwp%2Fv2%2Ftags&post=6560"}],"curies":[{"name":"wp","href":"https:\/\/api.w.org\/{rel}","templated":true}]}}