{"id":65610,"date":"2024-02-24T09:00:00","date_gmt":"2024-02-24T15:00:00","guid":{"rendered":"http:\/\/www.zonaroja.com.mx\/?p=65610"},"modified":"2024-02-24T07:16:30","modified_gmt":"2024-02-24T13:16:30","slug":"gobernador-de-oaxaca-defiende-a-amlo-y-pide-respeto-a-labor-presidencial","status":"publish","type":"post","link":"https:\/\/zonaroja.com.mx\/?p=65610","title":{"rendered":"Gobernador de Oaxaca defiende a AMLO y pide respeto a labor presidencial"},"content":{"rendered":"\n<p>Redacci\u00f3n\/Zona Roja.<\/p>\n\n\n\n<p>Oaxaca de Ju\u00e1rez, Oax. 24 de febrero de 2024.- El gobernador de Oaxaca, Salom\u00f3n Jara Cruz, solicit\u00f3 respeto absoluto a la soberan\u00eda nacional y el cese inmediato de la campa\u00f1a de difamaci\u00f3n que medios de comunicaci\u00f3n extranjeros han lanzado contra el Presidente de M\u00e9xico, Andr\u00e9s Manuel L\u00f3pez Obrador.&nbsp;<\/p>\n\n\n\n<p>El mandatario oaxaque\u00f1o expres\u00f3 que las cr\u00edticas y falsos se\u00f1alamientos se deben a que ning\u00fan jefe del Ejecutivo federal hab\u00eda defendido la independencia de la naci\u00f3n frente a otros pa\u00edses. Tampoco se hab\u00eda demandado ante tribunales norteamericanos a los poderosos fabricantes de armas, responsables de facilitar el tr\u00e1fico de estas a los c\u00e1rteles de la droga a trav\u00e9s de la frontera.<\/p>\n\n\n\n<p>Por ello mostr\u00f3 su indignaci\u00f3n y rechazo a los reportajes publicados por \u201cThe New York Times\u201d y \u201cProPublica\u201d, los cuales han pretendido involucrar al Presidente mexicano y a su familia en supuestos financiamientos provenientes de la delincuencia organizada.&nbsp;<\/p>\n\n\n\n<p>\u201cSon inaceptables las falsedades propagadas porque tienen el claro objetivo de intervenir en la situaci\u00f3n pol\u00edtica de nuestro pa\u00eds\u201d, afirm\u00f3.&nbsp;<\/p>\n\n\n\n<p>Se\u00f1al\u00f3 que no es casualidad que sea al final del sexenio que la derecha conservadora, en M\u00e9xico y en Estados Unidos, est\u00e9n determinados en afectar la credibilidad del Presidente de la Rep\u00fablica.&nbsp;<\/p>\n\n\n\n<p>\u201cEl conservadurismo norteamericano no tolera la idea de que la pol\u00edtica exterior equitativa, solidaria y humanista del Presidente L\u00f3pez Obrador tenga continuidad\u201d, dijo.<\/p>\n\n\n\n<p>\u201cEl Presidente Andr\u00e9s Manuel L\u00f3pez Obrador ha tenido la valent\u00eda de reclamar al gobierno norteamericano su inacci\u00f3n para detener el tr\u00e1fico de armas, resolver la grave demanda de drogas en su territorio y atender las causas estructurales de los flujos migratorios\u201d, abund\u00f3.<\/p>\n\n\n\n<p>Jara Cruz expuso que el gobierno de M\u00e9xico se ha esforzado en fortalecer los lazos de amistad entre ambas naciones y los mecanismos de cooperaci\u00f3n dise\u00f1ados para hacer frente a problem\u00e1ticas comunes.<\/p>\n\n\n\n<p>\u201cNuestro Presidente privilegia la buena vecindad; pero, cuando ha sido necesario, ha asumido una postura digna al rechazar el discurso abiertamente racista empleado por algunos prominentes pol\u00edticos republicanos que promueve en el \u00e1mbito de la opini\u00f3n p\u00fablica estadounidense un ambiente que atenta contra nuestra soberan\u00eda\u201d.<\/p>\n\n\n\n<p>Lament\u00f3 que la derecha conservadora es igual en M\u00e9xico y en cualquier parte del mundo, porque su lucha es por mantener sus privilegios y carece de l\u00edmites morales para lograr sus objetivos.<\/p>\n\n\n\n<p>\u201cLas y los mexicanos no solamente aprueban la gesti\u00f3n del Presidente Andr\u00e9s Manuel L\u00f3pez Obrador, sino que lo quieren y protegen, porque con el pueblo todo, sin el pueblo nada\u201d, finaliz\u00f3.<\/p>\n\n\n\n<p>(Comunicado)<\/p>\n","protected":false},"excerpt":{"rendered":"<p>Redacci\u00f3n\/Zona Roja. Oaxaca de Ju\u00e1rez, Oax. 24 de febrero de 2024.- El gobernador de Oaxaca,&hellip;<\/p>\n","protected":false},"author":2,"featured_media":62800,"comment_status":"closed","ping_status":"open","sticky":false,"template":"","format":"standard","meta":{"_lmt_disableupdate":"","_lmt_disable":"","_jetpack_memberships_contains_paid_content":false,"footnotes":""},"categories":[109,46],"tags":[939],"class_list":["post-65610","post","type-post","status-publish","format-standard","has-post-thumbnail","hentry","category-minuto-a-minuto","category-zona-blanca","tag-salomon-jara-cruz"],"jetpack_featured_media_url":"https:\/\/zonaroja.com.mx\/wp-content\/uploads\/2023\/12\/Lopez-Obrador-y-Salomon-Jara-Huautla.jpg","jetpack_sharing_enabled":true,"_links":{"self":[{"href":"https:\/\/zonaroja.com.mx\/index.php?rest_route=\/wp\/v2\/posts\/65610","targetHints":{"allow":["GET"]}}],"collection":[{"href":"https:\/\/zonaroja.com.mx\/index.php?rest_route=\/wp\/v2\/posts"}],"about":[{"href":"https:\/\/zonaroja.com.mx\/index.php?rest_route=\/wp\/v2\/types\/post"}],"author":[{"embeddable":true,"href":"https:\/\/zonaroja.com.mx\/index.php?rest_route=\/wp\/v2\/users\/2"}],"replies":[{"embeddable":true,"href":"https:\/\/zonaroja.com.mx\/index.php?rest_route=%2Fwp%2Fv2%2Fcomments&post=65610"}],"version-history":[{"count":1,"href":"https:\/\/zonaroja.com.mx\/index.php?rest_route=\/wp\/v2\/posts\/65610\/revisions"}],"predecessor-version":[{"id":65611,"href":"https:\/\/zonaroja.com.mx\/index.php?rest_route=\/wp\/v2\/posts\/65610\/revisions\/65611"}],"wp:featuredmedia":[{"embeddable":true,"href":"https:\/\/zonaroja.com.mx\/index.php?rest_route=\/wp\/v2\/media\/62800"}],"wp:attachment":[{"href":"https:\/\/zonaroja.com.mx\/index.php?rest_route=%2Fwp%2Fv2%2Fmedia&parent=65610"}],"wp:term":[{"taxonomy":"category","embeddable":true,"href":"https:\/\/zonaroja.com.mx\/index.php?rest_route=%2Fwp%2Fv2%2Fcategories&post=65610"},{"taxonomy":"post_tag","embeddable":true,"href":"https:\/\/zonaroja.com.mx\/index.php?rest_route=%2Fwp%2Fv2%2Ftags&post=65610"}],"curies":[{"name":"wp","href":"https:\/\/api.w.org\/{rel}","templated":true}]}}