{"id":65612,"date":"2024-02-24T10:00:00","date_gmt":"2024-02-24T16:00:00","guid":{"rendered":"http:\/\/www.zonaroja.com.mx\/?p=65612"},"modified":"2024-02-24T07:21:19","modified_gmt":"2024-02-24T13:21:19","slug":"matan-a-balazos-a-siete-en-veracruz-secuestran-a-funcionario-en-chiapas","status":"publish","type":"post","link":"https:\/\/zonaroja.com.mx\/?p=65612","title":{"rendered":"Matan a balazos a siete en Veracruz; secuestran a funcionario en Chiapas"},"content":{"rendered":"\n<p>Redacci\u00f3n\/Zona Roja Cdmx.<\/p>\n\n\n\n<p>Ciudad de M\u00e9xico, a 24 de febrero de 2024.- Al menos siete personas fueron asesinadas durante la madrugada de este viernes 23 de febrero en la cabecera municipal de Acultzingo, Veracruz.<\/p>\n\n\n\n<p>La Fiscal\u00eda General del estado de Veracruz inform\u00f3 que ya investiga el asesinato de estas siete personas en la colonia Centro del municipio antes mencionada.<\/p>\n\n\n\n<p>De acuerdo con las autoridades ministeriales, el hallazgo de estos cuerpos se hizo en la avenida La Presa, entre Sur 4 y Sur 6, en la colonia Centro del municipio antes mencionado.<\/p>\n\n\n\n<p>La Fiscal\u00eda de Veracruz, a trav\u00e9s de la Fiscal\u00eda Regional zona Centro C\u00f3rdoba, se\u00f1al\u00f3 que en el lugar se encontraron cinco hombres y dos mujeres, quienes fueron atacados a disparos de arma de fuego.<\/p>\n\n\n\n<p>\u201cSe inici\u00f3 carpeta de investigaci\u00f3n por la localizaci\u00f3n de siete cuerpos correspondientes a cinco hombres y dos mujeres, quienes perdieron la vida por proyectil de arma de fuego\u201d.<\/p>\n\n\n\n<p>EN CHIAPAS<\/p>\n\n\n\n<p>Hombres armados privaron ayer de la libertad a Germ\u00e1n Alegr\u00eda Estrada, secretario de seguridad p\u00fablica municipal de Berrioz\u00e1bal, Chiapas; a su secretario particular y a su chofer, inform\u00f3 la Fiscal\u00eda General del Estado.<\/p>\n\n\n\n<p>La dependencia no precis\u00f3 la hora ni las condiciones en las que el funcionario y su equipo fueron secuestrados. Indic\u00f3 que elementos del Grupo Interinstitucional, integrado por agentes de los tres niveles de gobierno, realizan un despliegue por toda la zona para dar con el paradero de las v\u00edctimas.&nbsp;<\/p>\n\n\n\n<p>Explic\u00f3 que por ese hecho abri\u00f3 la carpeta de investigaci\u00f3n correspondiente e inici\u00f3 las indagatorias en contra quien o quienes resulten responsables de la privaci\u00f3n ilegal de la libertad de las tres personas, llevada a cabo \u201cdurante las \u00faltimas horas\u201d.&nbsp;<\/p>\n\n\n\n<p>EN ZACATECAS<\/p>\n\n\n\n<p>Un integrante de la Guardia Nacional result\u00f3 herido y dos sujetos murieron tras un enfrentamiento entre integrantes de las fuerzas federales de apoyo y miembros de una c\u00e9lula delictiva, en el municipio de Villanueva, Zacatecas. En Morelos, dos hombres fueron ultimados en distintas acciones en Jiutepec y Cuernavaca.<\/p>\n\n\n\n<p>(Informaci\u00f3n de Infobae M\u00e9xico y de \u201cLa Jornada\u201d)<\/p>\n","protected":false},"excerpt":{"rendered":"<p>Redacci\u00f3n\/Zona Roja Cdmx. Ciudad de M\u00e9xico, a 24 de febrero de 2024.- Al menos siete&hellip;<\/p>\n","protected":false},"author":2,"featured_media":65613,"comment_status":"closed","ping_status":"open","sticky":false,"template":"","format":"standard","meta":{"_lmt_disableupdate":"","_lmt_disable":"","_jetpack_memberships_contains_paid_content":false,"footnotes":""},"categories":[109,47],"tags":[1746],"class_list":["post-65612","post","type-post","status-publish","format-standard","has-post-thumbnail","hentry","category-minuto-a-minuto","category-zona-gris","tag-violencia-en-mexico"],"jetpack_featured_media_url":"https:\/\/zonaroja.com.mx\/wp-content\/uploads\/2024\/02\/Siete-asesinados-en-Acultzingo-Veracruz.webp","jetpack_sharing_enabled":true,"_links":{"self":[{"href":"https:\/\/zonaroja.com.mx\/index.php?rest_route=\/wp\/v2\/posts\/65612","targetHints":{"allow":["GET"]}}],"collection":[{"href":"https:\/\/zonaroja.com.mx\/index.php?rest_route=\/wp\/v2\/posts"}],"about":[{"href":"https:\/\/zonaroja.com.mx\/index.php?rest_route=\/wp\/v2\/types\/post"}],"author":[{"embeddable":true,"href":"https:\/\/zonaroja.com.mx\/index.php?rest_route=\/wp\/v2\/users\/2"}],"replies":[{"embeddable":true,"href":"https:\/\/zonaroja.com.mx\/index.php?rest_route=%2Fwp%2Fv2%2Fcomments&post=65612"}],"version-history":[{"count":1,"href":"https:\/\/zonaroja.com.mx\/index.php?rest_route=\/wp\/v2\/posts\/65612\/revisions"}],"predecessor-version":[{"id":65614,"href":"https:\/\/zonaroja.com.mx\/index.php?rest_route=\/wp\/v2\/posts\/65612\/revisions\/65614"}],"wp:featuredmedia":[{"embeddable":true,"href":"https:\/\/zonaroja.com.mx\/index.php?rest_route=\/wp\/v2\/media\/65613"}],"wp:attachment":[{"href":"https:\/\/zonaroja.com.mx\/index.php?rest_route=%2Fwp%2Fv2%2Fmedia&parent=65612"}],"wp:term":[{"taxonomy":"category","embeddable":true,"href":"https:\/\/zonaroja.com.mx\/index.php?rest_route=%2Fwp%2Fv2%2Fcategories&post=65612"},{"taxonomy":"post_tag","embeddable":true,"href":"https:\/\/zonaroja.com.mx\/index.php?rest_route=%2Fwp%2Fv2%2Ftags&post=65612"}],"curies":[{"name":"wp","href":"https:\/\/api.w.org\/{rel}","templated":true}]}}