{"id":65615,"date":"2024-02-24T11:59:00","date_gmt":"2024-02-24T17:59:00","guid":{"rendered":"http:\/\/www.zonaroja.com.mx\/?p=65615"},"modified":"2024-02-24T07:24:03","modified_gmt":"2024-02-24T13:24:03","slug":"tipifica-congreso-como-delito-la-violencia-contra-las-personas-adultas-mayores","status":"publish","type":"post","link":"https:\/\/zonaroja.com.mx\/?p=65615","title":{"rendered":"Tipifica Congreso como delito la violencia contra las personas adultas mayores"},"content":{"rendered":"\n<p>Redacci\u00f3n\/Zona Roja.<\/p>\n\n\n\n<p>Oaxaca de Ju\u00e1rez, Oax., a 24 de febrero de 2024.- Con 24 votos a favor y tres en contra, el Pleno de la 65 Legislatura del Congreso de Oaxaca tipific\u00f3 como delito la violencia en contra de las personas adultas mayores.<\/p>\n\n\n\n<p>En sesi\u00f3n ordinaria, las y los congresistas aprobaron el dictamen correspondiente a la reforma al C\u00f3digo Penal de Oaxaca, propuesta por la legisladora Hayde\u00e9 Reyes Soto.<\/p>\n\n\n\n<p>Con la modificaci\u00f3n en la ley, qued\u00f3 establecido que se castigar\u00e1 con prisi\u00f3n a las personas que ejerzan violencia contra las y los adultos mayores, por lo que se impondr\u00e1 la pena de cuatro a ocho a\u00f1os de c\u00e1rcel a quien, sin tener una relaci\u00f3n de parentesco cometa sobre una persona adulta mayor alg\u00fan tipo de agresi\u00f3n.<\/p>\n\n\n\n<p>Adem\u00e1s, la autoridad correspondiente impondr\u00e1 una multa de 50 a 150 veces el valor diario de la Unidad de Medida y Actualizaci\u00f3n y establecer\u00e1 que la o el violentador deber\u00e1 recibir terapias psicol\u00f3gicas por el tiempo que estime conveniente.<\/p>\n\n\n\n<p>Esta sanci\u00f3n podr\u00e1 incrementarse hasta en un tercio cuando la persona que est\u00e9 a cargo del cuidado de una persona adulta mayor, cometa alg\u00fan tipo de violencia en contra de ella. Asimismo, se establece que este delito ser\u00e1 perseguido de oficio.<\/p>\n\n\n\n<p>\u201cSe considera violencia todo acto u omisi\u00f3n contra una persona adulta mayor, que ocurra de manera \u00fanica o repetida, la cual puede ser f\u00edsica, psicol\u00f3gica o emocional, econ\u00f3mica o patrimonial, sexual o que vulnere el goce de sus derechos humanos y libertades fundamentales\u201d, refiere el art\u00edculo 412 quinquies agregado al C\u00f3digo Penal.<\/p>\n\n\n\n<p>De acuerdo con el dictamen, la diputada promovente refiri\u00f3 que el estado ocupa el noveno lugar con mayor poblaci\u00f3n de 65 a\u00f1os y m\u00e1s a nivel nacional. En 2020, se estim\u00f3 que la poblaci\u00f3n de adultos mayores era de 354 mil 403 personas, de las cuales, 55.3 por ciento son mujeres y 44.7% son hombres, lo que representa 8.6% del total de la poblaci\u00f3n en la entidad, con base a datos de la Direcci\u00f3n General de Poblaci\u00f3n de Oaxaca.<\/p>\n\n\n\n<p>\u201cEn 2020, de acuerdo con Consorcio Oaxaca, 89 por ciento de los feminicidios, violencia familiar y desaparici\u00f3n, se cometieron contra mujeres adultas mayores, 12 por ciento de los asesinatos fueron perpetrados por los hijos, nietos, familiares y conocidos de las v\u00edctimas, siendo las regiones con mayor incidencia Valles Centrales, Costa y Mixteca\u201d, se\u00f1al\u00f3 la legisladora en su exposici\u00f3n de motivos.<\/p>\n\n\n\n<p>\u00abLas personas adultas mayores son parte integrante e indivisible de la sociedad moderna, por ello, deben desarrollar su vida activamente, recibiendo y aportando a la sociedad, contribuyendo al desarrollo armonioso de la misma y garantiz\u00e1ndoles las protecciones de sus derechos, especialmente a que se les respete y vivan libres de cualquier tipo de violencia y maltrato\u00bb, destac\u00f3.<\/p>\n\n\n\n<p>Este decreto entrar\u00e1 en vigor al d\u00eda siguiente de su publicaci\u00f3n en el Peri\u00f3dico Oficial de Oaxaca.<\/p>\n\n\n\n<p>(Comunicado)<\/p>\n","protected":false},"excerpt":{"rendered":"<p>Redacci\u00f3n\/Zona Roja. Oaxaca de Ju\u00e1rez, Oax., a 24 de febrero de 2024.- Con 24 votos&hellip;<\/p>\n","protected":false},"author":2,"featured_media":59316,"comment_status":"closed","ping_status":"open","sticky":false,"template":"","format":"standard","meta":{"_lmt_disableupdate":"","_lmt_disable":"","_jetpack_memberships_contains_paid_content":false,"footnotes":""},"categories":[109,46],"tags":[2743],"class_list":["post-65615","post","type-post","status-publish","format-standard","has-post-thumbnail","hentry","category-minuto-a-minuto","category-zona-blanca","tag-65-legislatura-del-estado-de-oaxaca"],"jetpack_featured_media_url":"https:\/\/zonaroja.com.mx\/wp-content\/uploads\/2023\/08\/Sesion-Congreso-Oaxaca-30-agosto.jpg","jetpack_sharing_enabled":true,"_links":{"self":[{"href":"https:\/\/zonaroja.com.mx\/index.php?rest_route=\/wp\/v2\/posts\/65615","targetHints":{"allow":["GET"]}}],"collection":[{"href":"https:\/\/zonaroja.com.mx\/index.php?rest_route=\/wp\/v2\/posts"}],"about":[{"href":"https:\/\/zonaroja.com.mx\/index.php?rest_route=\/wp\/v2\/types\/post"}],"author":[{"embeddable":true,"href":"https:\/\/zonaroja.com.mx\/index.php?rest_route=\/wp\/v2\/users\/2"}],"replies":[{"embeddable":true,"href":"https:\/\/zonaroja.com.mx\/index.php?rest_route=%2Fwp%2Fv2%2Fcomments&post=65615"}],"version-history":[{"count":1,"href":"https:\/\/zonaroja.com.mx\/index.php?rest_route=\/wp\/v2\/posts\/65615\/revisions"}],"predecessor-version":[{"id":65616,"href":"https:\/\/zonaroja.com.mx\/index.php?rest_route=\/wp\/v2\/posts\/65615\/revisions\/65616"}],"wp:featuredmedia":[{"embeddable":true,"href":"https:\/\/zonaroja.com.mx\/index.php?rest_route=\/wp\/v2\/media\/59316"}],"wp:attachment":[{"href":"https:\/\/zonaroja.com.mx\/index.php?rest_route=%2Fwp%2Fv2%2Fmedia&parent=65615"}],"wp:term":[{"taxonomy":"category","embeddable":true,"href":"https:\/\/zonaroja.com.mx\/index.php?rest_route=%2Fwp%2Fv2%2Fcategories&post=65615"},{"taxonomy":"post_tag","embeddable":true,"href":"https:\/\/zonaroja.com.mx\/index.php?rest_route=%2Fwp%2Fv2%2Ftags&post=65615"}],"curies":[{"name":"wp","href":"https:\/\/api.w.org\/{rel}","templated":true}]}}