{"id":65617,"date":"2024-02-24T11:24:00","date_gmt":"2024-02-24T17:24:00","guid":{"rendered":"http:\/\/www.zonaroja.com.mx\/?p=65617"},"modified":"2024-02-24T08:13:18","modified_gmt":"2024-02-24T14:13:18","slug":"detiene-fiscalia-de-oaxaca-a-persona-que-vendia-uniformes-oficiales-de-la-aei","status":"publish","type":"post","link":"https:\/\/zonaroja.com.mx\/?p=65617","title":{"rendered":"Detiene Fiscal\u00eda de Oaxaca a persona que vend\u00eda uniformes oficiales de la AEI"},"content":{"rendered":"\n<p>Redacci\u00f3n\/Zona Roja.<\/p>\n\n\n\n<p>Oaxaca de Ju\u00e1rez, Oax., a 24 de febrero de 2024.-&nbsp;La Fiscal\u00eda General del Estado de Oaxaca (FGEO), a trav\u00e9s de la Agencia Estatal de Investigaciones (AEI), realiz\u00f3 la detenci\u00f3n de una mujer identificada por las iniciales L. S. C., por el delito contra actos de investigaci\u00f3n, actividades de seguridad p\u00fablica y del Estado, luego de ser sorprendida tratando de vender uniformes oficiales de la AEI.<\/p>\n\n\n\n<p>Los hechos ocurrieron la ma\u00f1ana de este viernes 23 de febrero, cuando se recibi\u00f3 el reporte de que una mujer vend\u00eda uniformes de la AEI en la calle. Cuando elementos policiales arribaron al lugar, se percataron que hab\u00eda varias prendas oficiales con los logos de la instituci\u00f3n, los cuales estaban exhibidas en el tendedero de un puesto colocado en la calle.<\/p>\n\n\n\n<p>Un grupo de agentes acudi\u00f3 a la calle 16 de Septiembre esquina con Benito Ju\u00e1rez de Ocotl\u00e1n donde, al abordar a la mujer que atend\u00eda el lugar, le indicaron que vender ese tipo de prendas, representaba un delito tipificado en el C\u00f3digo Penal vigente del Estado de Oaxaca, por lo que los uniformes quedaron bajo resguardo oficial, mientras que, las detenida fue presentada ante la autoridad ministerial correspondiente para que determine su situaci\u00f3n legal en las pr\u00f3ximas horas.<\/p>\n\n\n\n<p>De acuerdo con el C\u00f3digo Penal de Oaxaca, en el Art\u00edculo 165 Qu\u00e1ter, se indica que:<\/p>\n\n\n\n<p>Comete el delito contra actos de investigaci\u00f3n, actividades de seguridad p\u00fablica y del Estado, quien incurra en cualquiera de las conductas descritas en las siguientes fracciones:<\/p>\n\n\n\n<p>VIII. Posea, en su persona, en el veh\u00edculo en que se encuentre o se le relacione con \u00e9ste, en su domicilio o en el lugar donde se le capture, uno o m\u00e1s de los siguientes objetos: prendas de vestir, insignias, distintivos, equipos o condecoraciones correspondientes a instituciones policiales, ministeriales o militares de cualquier \u00edndole o que simulen la apariencia de los utilizados por \u00e9stas, sin estar facultado para ello. Igual sanci\u00f3n se impondr\u00e1 a todos los participantes, cuando dos o m\u00e1s personas incurren en dos o m\u00e1s de los supuestos descritos en esta fracci\u00f3n, si no es posible determinar qui\u00e9n posea dichos objetos.<\/p>\n\n\n\n<p>DETENIDO EN HUAJUAPAN<\/p>\n\n\n\n<p>En otro hecho, la investigaci\u00f3n ministerial y acciones de investigaci\u00f3n inmediatas que realiz\u00f3 la Fiscal\u00eda General del Estado de Oaxaca, permitieron que, en apenas 48 horas despu\u00e9s de recibida la denuncia, se ejecutara un cateo luego de la comisi\u00f3n de un asalto a una sucursal de la tienda Elektra, cometido en la regi\u00f3n de la Mixteca; derivado del despliegue policial se logr\u00f3 la detenci\u00f3n de tres personas y la recuperaci\u00f3n de una parte de los objetos electr\u00f3nico que fueron robados.<\/p>\n\n\n\n<p>Los hechos ocurrieron la noche del 19 de febrero de 2024, cuando un grupo de personas ingres\u00f3 a la sucursal de la tienda departamental denominada Elektra, localizada en la avenida 5 de Febrero, de la colonia Centro en la ciudad de Huajuapan de Le\u00f3n.<\/p>\n\n\n\n<p>Los ladrones usaron armas de fuego para amenazar al personal y se llevaron varios aparatos de telefon\u00eda celular para, inmediatamente despu\u00e9s, emprender la huida.<\/p>\n\n\n\n<p>Luego de recibir la denuncia, la FGEO inici\u00f3 las investigaciones correspondientes que quedaron a cargo de la Vicefiscal\u00eda Regional de la Mixteca que, derivado de los trabajos ministeriales expeditos, en menos de 48 horas despu\u00e9s de cometido el delito, ejecut\u00f3 una orden de cateo.<\/p>\n\n\n\n<p>El 21 de febrero de 2024, un grupo de elementos de la Agencia Estatal de Investigaciones (AEI) realiz\u00f3 un operativo para dar cumplimiento a un mandato judicial, por lo que se presentaron en un domicilio ubicado en la Unidad Habitacional Infonavit, perteneciente a la Agencia las \u00c1nimas, Huajuapan.<\/p>\n\n\n\n<p>Como resultado de la movilizaci\u00f3n se logr\u00f3 la detenci\u00f3n de tres personas que fueron presentadas ante la autoridad ministerial para determinar su situaci\u00f3n jur\u00eddica, adem\u00e1s que aseguraron equipos telef\u00f3nicos que coinciden con las caracter\u00edsticas de los sustra\u00eddos, as\u00ed como ropa utilizada por los presuntos responsables en la comisi\u00f3n del hecho.<\/p>\n\n\n\n<p>La Fiscal\u00eda de Oaxaca aplica t\u00e9cnicas de investigaci\u00f3n que hacen m\u00e1s efectivos los trabajos ministeriales y permiten una actuaci\u00f3n eficaz para dar con el paradero de los responsables por la comisi\u00f3n de delitos cometidos en agravio de los diferentes sectores de la sociedad.<\/p>\n","protected":false},"excerpt":{"rendered":"<p>Redacci\u00f3n\/Zona Roja. Oaxaca de Ju\u00e1rez, Oax., a 24 de febrero de 2024.-&nbsp;La Fiscal\u00eda General del&hellip;<\/p>\n","protected":false},"author":2,"featured_media":65618,"comment_status":"closed","ping_status":"open","sticky":false,"template":"","format":"standard","meta":{"_lmt_disableupdate":"","_lmt_disable":"","_jetpack_memberships_contains_paid_content":false,"footnotes":""},"categories":[109,46],"tags":[494],"class_list":["post-65617","post","type-post","status-publish","format-standard","has-post-thumbnail","hentry","category-minuto-a-minuto","category-zona-blanca","tag-fiscalia-general-del-estado-de-oaxaca"],"jetpack_featured_media_url":"https:\/\/zonaroja.com.mx\/wp-content\/uploads\/2024\/02\/Detenida-por-vender-uniformes-AEI.jpg","jetpack_sharing_enabled":true,"_links":{"self":[{"href":"https:\/\/zonaroja.com.mx\/index.php?rest_route=\/wp\/v2\/posts\/65617","targetHints":{"allow":["GET"]}}],"collection":[{"href":"https:\/\/zonaroja.com.mx\/index.php?rest_route=\/wp\/v2\/posts"}],"about":[{"href":"https:\/\/zonaroja.com.mx\/index.php?rest_route=\/wp\/v2\/types\/post"}],"author":[{"embeddable":true,"href":"https:\/\/zonaroja.com.mx\/index.php?rest_route=\/wp\/v2\/users\/2"}],"replies":[{"embeddable":true,"href":"https:\/\/zonaroja.com.mx\/index.php?rest_route=%2Fwp%2Fv2%2Fcomments&post=65617"}],"version-history":[{"count":1,"href":"https:\/\/zonaroja.com.mx\/index.php?rest_route=\/wp\/v2\/posts\/65617\/revisions"}],"predecessor-version":[{"id":65619,"href":"https:\/\/zonaroja.com.mx\/index.php?rest_route=\/wp\/v2\/posts\/65617\/revisions\/65619"}],"wp:featuredmedia":[{"embeddable":true,"href":"https:\/\/zonaroja.com.mx\/index.php?rest_route=\/wp\/v2\/media\/65618"}],"wp:attachment":[{"href":"https:\/\/zonaroja.com.mx\/index.php?rest_route=%2Fwp%2Fv2%2Fmedia&parent=65617"}],"wp:term":[{"taxonomy":"category","embeddable":true,"href":"https:\/\/zonaroja.com.mx\/index.php?rest_route=%2Fwp%2Fv2%2Fcategories&post=65617"},{"taxonomy":"post_tag","embeddable":true,"href":"https:\/\/zonaroja.com.mx\/index.php?rest_route=%2Fwp%2Fv2%2Ftags&post=65617"}],"curies":[{"name":"wp","href":"https:\/\/api.w.org\/{rel}","templated":true}]}}