{"id":65620,"date":"2024-02-24T11:16:00","date_gmt":"2024-02-24T17:16:00","guid":{"rendered":"http:\/\/www.zonaroja.com.mx\/?p=65620"},"modified":"2024-02-24T08:18:37","modified_gmt":"2024-02-24T14:18:37","slug":"asi-se-confronto-amlo-con-periodista-en-la-mananera-tras-polemica-con-nyt","status":"publish","type":"post","link":"https:\/\/zonaroja.com.mx\/?p=65620","title":{"rendered":"As\u00ed se confront\u00f3 AMLO con periodista en la ma\u00f1anera tras pol\u00e9mica con NYT"},"content":{"rendered":"\n<p>Redacci\u00f3n\/Zona Roja Cdmx.<\/p>\n\n\n\n<p>Ciudad de M\u00e9xico, a 24 de febrero de 2024.- El Presidente Andr\u00e9s Manuel L\u00f3pez Obrador se confront\u00f3 con la periodista de Univisi\u00f3n, J\u00e9sica Zerme\u00f1o, quien lo cuestion\u00f3 tras difundir el tel\u00e9fono de la corresponsal del \u201cNew York Times\u201d, Natalie Kitroeff y el riesgo que existe ejercer esta profesi\u00f3n en M\u00e9xico.<\/p>\n\n\n\n<p>Durante la conferencia ma\u00f1anera de ayer, Zerme\u00f1o cuestion\u00f3 a AMLO por divulgar el tel\u00e9fono de Kitroeff, violando as\u00ed la Ley de Protecci\u00f3n a Datos Personales, cuando en Presidencia entregar a los reporteros el dec\u00e1logo para poder acudir a las ma\u00f1aneras, entre las que se incluye resguardar datos personales.<\/p>\n\n\n\n<p>\u201cUstedes, con todo respeto, quienes hacen un periodismo faccioso, porque nada m\u00e1s se inclinan en favor de grupos de intereses creados, no hacen un periodismo para todos, est\u00e1n demasiado cercanos al poder econ\u00f3mico y al poder pol\u00edtico: Univisi\u00f3n, el \u201cNew York Times\u201d, \u201cThe Washington Post\u201d, \u201cFinancial Times\u201d, \u201cWall Street Journal\u201d; aqu\u00ed el \u201cReforma\u201d que es el preferido del periodismo conservador o el m\u00e1s importante vocero del bloque conservador. A ustedes, con todo respeto les da mucho por ver la paja en el ojo ajeno y no la viga en el propio\u201d, contest\u00f3 AMLO.<\/p>\n\n\n\n<p>\u201cUstedes se sienten bordados a mano, como una casta divina, privilegiada. Ustedes pueden calumniar impunemente como lo han hecho con nosotros como se hizo ayer, como lo dimos a conocer ayer y no los puede uno tocar ni con el p\u00e9talo de una rosa\u201d, respondi\u00f3 AMLO al cuestionamiento de Zerme\u00f1o que le pregunt\u00f3 su raz\u00f3n para difundir el tel\u00e9fono de la jefa de la oficina del NYT en M\u00e9xico.<\/p>\n\n\n\n<p>DESCARTA ERROR<\/p>\n\n\n\n<p>\u201c\u00bfPero el tel\u00e9fono? El tel\u00e9fono que dio a conocer es el tel\u00e9fono personal\u201d, revir\u00f3 la corresponsal de Univisi\u00f3n en M\u00e9xico.<\/p>\n\n\n\n<p>\u201cS\u00ed, s\u00ed, pero \u00bfy qu\u00e9 pasa cuando esta periodista me est\u00e1 calumniando y me est\u00e1 acusando\u2026 pero tambi\u00e9n la calumnia, me est\u00e1 vinculando a m\u00ed, a mi familia con el narcotr\u00e1fico, sin pruebas\u201d, respondi\u00f3 AMLO.<\/p>\n\n\n\n<p>La reportera de Univisi\u00f3n le record\u00f3 a L\u00f3pez Obrador que hay una ley que impide que se difundan datos personales, y si bien pod\u00edan difundir la carta, por qu\u00e9 no se quitaron los datos personales de la corresponsal del NYT, por lo que le pregunt\u00f3 si no consider\u00f3 que fue un error tal acci\u00f3n.<\/p>\n\n\n\n<p>\u201cNo, porque este es un espacio p\u00fablico y nosotros estamos aqu\u00ed aplicando un principio de transparencia\u201d, respondi\u00f3 AMLO.<\/p>\n\n\n\n<p>\u201cNo, no, no pasa absolutamente nada. Es que tambi\u00e9n ese es otro dato, ustedes son los m\u00e1s tenaces informadores, o mejor dicho desinformadores, lo m\u00e1s tenaces manipuladores\u201d, revir\u00f3 AMLO a J\u00e9sica Zerme\u00f1o sobre el riesgo que existe para periodista del NYT de que se haya difundido su informaci\u00f3n personal.<\/p>\n\n\n\n<p>En ese sentido, AMLO reiter\u00f3 que \u201cla vida p\u00fablica es cada vez m\u00e1s p\u00fablica\u201d y apunt\u00f3 que volver\u00eda a hacer p\u00fablico el tel\u00e9fono de cualquier periodista \u201ccuando se trata de un asunto en donde est\u00e1 de por medio la dignidad del presidente de M\u00e9xico\u201d.<\/p>\n\n\n\n<p>\u201cPor encima de esa ley est\u00e1 la autoridad moral, la autoridad pol\u00edtica y yo represento a un pa\u00eds, represento a un pueblo que merece respeto, que no va a venir cualquiera porque nosotros no somos delincuentes, tenemos autoridad moral, no va a venir cualquier gente -que porque es del \u2018New York Times\u2019- y nos va a poner, nos va a sentar en el banquillo de los acusados\u201d, dijo AMLO.<\/p>\n\n\n\n<p>\u201cEso era antes, cuando las autoridades en M\u00e9xico permit\u00edan que los chantajearan. Ahora no, ahora nos tienen que respetar porque somos autoridad legal, leg\u00edtimamente constituida surgida de un movimiento democr\u00e1tico y en M\u00e9xico hay libertades, que no las hay en Estados Unidos\u201d, expres\u00f3.<\/p>\n\n\n\n<p>Adem\u00e1s, pidi\u00f3 a la reportera que \u201chagan una revisi\u00f3n en general de c\u00f3mo se ejerce el noble oficio del periodismo y que act\u00faen con humildad, no con tanta arrogancia, no con tanta prepotencia\u201d, esto al calificar como ultim\u00e1tum la carta que envi\u00f3 la corresponsal del NYT.<\/p>\n\n\n\n<p>\u201cPor encima de esto est\u00e1 la libertad, no puede haber ninguna ley por encima de un principio tan sublime como la libertad\u201d, insisti\u00f3 AMLO al justificar que haya hecho p\u00fablico el tel\u00e9fono de la periodista<\/p>\n\n\n\n<p>\u201cNo exageren, si la compa\u00f1era est\u00e1 preocupada por que se dio a conocer su tel\u00e9fono que cambie su tel\u00e9fono, otro n\u00famero, ya\u201d, dijo AMLO.<\/p>\n\n\n\n<p>Cuestiona periodismo de EUA<\/p>\n\n\n\n<p>LA CR\u00cdTICA<\/p>\n\n\n\n<p>En su cr\u00edtica al NYT, AMLO cuestion\u00f3 el periodismo realizado por los medios de Estados Unidos.<\/p>\n\n\n\n<p>\u201cLos periodistas de M\u00e9xico por lo general act\u00faan con humildad. Ustedes son muy prepotentes. Lo que hicieron ayer y lo que han hecho Jorge Ramos y los medios m\u00e1s famosos es muy ofensivo, mucho muy ofensivo. Imag\u00ednense: \u2018tenemos pruebas de que usted fue a ver a la mam\u00e1 de Joaqu\u00edn Guzm\u00e1n Loera, tenemos prueba de que sus hijos, hay grabaciones recibieron dinero\u2019 y la m\u00e1xima del hampa del periodismo que la aplican ustedes es que la calumnia cuando no mancha, tizna\u201d, reproch\u00f3 AMLO.<\/p>\n\n\n\n<p>\u201c\u00bfQuien me va a reparar el da\u00f1o, qui\u00e9n le va a reparar el da\u00f1o a mis hijos que cuando pongan sus nombres va a salir que los hijos de AMLO fueron investigados por recibir dinero del narcotr\u00e1fico\u201d, revir\u00f3 sobre el reportaje que se public\u00f3 este jueves por el NYT.<\/p>\n\n\n\n<p>\u201cAqu\u00ed no se puede insultar, no se puede calumniar al presidente de M\u00e9xico y m\u00e1s porque tenemos ideales\u2026 y por eso ayer, por ejemplo, qu\u00e9 fue su reportaje, nada, fue como el parto de los montes, parieron un rat\u00f3n. Deber\u00edan de hacer una autocr\u00edtica, de ese periodismo calumniador, falsario al servicio de intereses creados y los mismos periodistas y famosos, que hasta los premian, deber\u00edan de actuar con honestidad\u201d,<\/p>\n\n\n\n<p>\u201cSi ustedes calumnian, aqu\u00ed hay r\u00e9plica. Con todo, sea quien sea. Imag\u00ednense que termina el presidente de M\u00e9xico chantajeado, arrinconado, en el banquillo de los acusados por ustedes o por una agencia de un gobierno extranjero, por eso es muy importante la honestidad, yo no podr\u00eda hacerlo si fuera corrupto\u201d, respondi\u00f3 AMLO.<\/p>\n\n\n\n<p>A ver si hacen el reportaje sobre el NYT, \u00abNo caigan en la autocomplacencia, tengan capacidad para la autocr\u00edtica y bajenle una rayita a su prepotencia y no tengan ninguna preocupaci\u00f3n, aqu\u00ed pueden venir\u201d.<\/p>\n\n\n\n<p>(Informaci\u00f3n de \u201cPol\u00edtico Mx\u201d)<\/p>\n","protected":false},"excerpt":{"rendered":"<p>Redacci\u00f3n\/Zona Roja Cdmx. Ciudad de M\u00e9xico, a 24 de febrero de 2024.- El Presidente Andr\u00e9s&hellip;<\/p>\n","protected":false},"author":2,"featured_media":65621,"comment_status":"closed","ping_status":"open","sticky":false,"template":"","format":"standard","meta":{"_lmt_disableupdate":"","_lmt_disable":"","_jetpack_memberships_contains_paid_content":false,"footnotes":""},"categories":[109,47],"tags":[143],"class_list":["post-65620","post","type-post","status-publish","format-standard","has-post-thumbnail","hentry","category-minuto-a-minuto","category-zona-gris","tag-andres-manuel-lopez-obrador"],"jetpack_featured_media_url":"https:\/\/zonaroja.com.mx\/wp-content\/uploads\/2024\/02\/Jesica-Zermeno-y-AMLO-905x613-1.jpg","jetpack_sharing_enabled":true,"_links":{"self":[{"href":"https:\/\/zonaroja.com.mx\/index.php?rest_route=\/wp\/v2\/posts\/65620","targetHints":{"allow":["GET"]}}],"collection":[{"href":"https:\/\/zonaroja.com.mx\/index.php?rest_route=\/wp\/v2\/posts"}],"about":[{"href":"https:\/\/zonaroja.com.mx\/index.php?rest_route=\/wp\/v2\/types\/post"}],"author":[{"embeddable":true,"href":"https:\/\/zonaroja.com.mx\/index.php?rest_route=\/wp\/v2\/users\/2"}],"replies":[{"embeddable":true,"href":"https:\/\/zonaroja.com.mx\/index.php?rest_route=%2Fwp%2Fv2%2Fcomments&post=65620"}],"version-history":[{"count":1,"href":"https:\/\/zonaroja.com.mx\/index.php?rest_route=\/wp\/v2\/posts\/65620\/revisions"}],"predecessor-version":[{"id":65622,"href":"https:\/\/zonaroja.com.mx\/index.php?rest_route=\/wp\/v2\/posts\/65620\/revisions\/65622"}],"wp:featuredmedia":[{"embeddable":true,"href":"https:\/\/zonaroja.com.mx\/index.php?rest_route=\/wp\/v2\/media\/65621"}],"wp:attachment":[{"href":"https:\/\/zonaroja.com.mx\/index.php?rest_route=%2Fwp%2Fv2%2Fmedia&parent=65620"}],"wp:term":[{"taxonomy":"category","embeddable":true,"href":"https:\/\/zonaroja.com.mx\/index.php?rest_route=%2Fwp%2Fv2%2Fcategories&post=65620"},{"taxonomy":"post_tag","embeddable":true,"href":"https:\/\/zonaroja.com.mx\/index.php?rest_route=%2Fwp%2Fv2%2Ftags&post=65620"}],"curies":[{"name":"wp","href":"https:\/\/api.w.org\/{rel}","templated":true}]}}