{"id":65627,"date":"2024-02-24T14:25:00","date_gmt":"2024-02-24T20:25:00","guid":{"rendered":"http:\/\/www.zonaroja.com.mx\/?p=65627"},"modified":"2024-02-24T08:28:00","modified_gmt":"2024-02-24T14:28:00","slug":"regresan-las-protestas-agricolas-en-la-union-europea","status":"publish","type":"post","link":"https:\/\/zonaroja.com.mx\/?p=65627","title":{"rendered":"Regresan las protestas agr\u00edcolas en la Uni\u00f3n Europea"},"content":{"rendered":"\n<p>Redacci\u00f3n\/Zona Roja Cdmx.<\/p>\n\n\n\n<p>Ciudad de M\u00e9xico, a 24 de febrero de 2024.- Agricultores franceses volvieron ayer a las calles de Par\u00eds para exigir que el gobierno cumpla con los acuerdos, y advirtieron al presidente Emmanuel Macron que deber\u00e1 esperar \u201cuna bienvenida dif\u00edcil\u201d cuando inaugure hoy una feria agr\u00edcola.<\/p>\n\n\n\n<p>Docenas de tractores entraron a la capital francesa y posaron en un puente sobre el r\u00edo Sena, con la Torre Eiffel de fondo, antes de dirigirse a la plaza Vauban, en el centro de la ciudad, a tres semanas de que levantaran las barricadas instaladas en torno a Par\u00eds, luego de que el gobierno ofreci\u00f3 m\u00e1s de 400 millones de euros (433 millones de d\u00f3lares) para aliviar sus demandas.<\/p>\n\n\n\n<p>\u201cSalvemos nuestra agricultura\u201d y \u201cLa muerte est\u00e1 en el campo\u201d son algunas de las consignas de los agroproductores que aseguran se \u201csufren una muerte lenta en el sector\u201d.<\/p>\n\n\n\n<p>Las protestas de los labriegos franceses forman parte de un movimiento m\u00e1s amplio en Europa contra la pol\u00edtica agraria de la Uni\u00f3n Europea, la burocracia y las condiciones generales del campo.<\/p>\n\n\n\n<p>Miles de personas se quejan de que las pol\u00edticas ambientales como el Acuerdo Verde, que exige limitar el uso de productos qu\u00edmicos y las emisiones de gases de efecto invernadero, perjudican su negocio y encarecen los productos respecto de otras importaciones.<\/p>\n\n\n\n<p>Ayer hubo tambi\u00e9n protestas en B\u00e9lgica, Pa\u00edses Bajos, Polonia, Espa\u00f1a y Rep\u00fablica Checa.<\/p>\n\n\n\n<p>En Polonia da\u00f1an granos ucranios<\/p>\n\n\n\n<p>En Polonia, un grupo de personas no identificadas tiraron granos ucranios en las v\u00edas de tren, en un contexto de protestas contra la importaci\u00f3n de productos agr\u00edcolas de esa naci\u00f3n, al considerar esas compras \u201cdescontroladas\u201d.<\/p>\n\n\n\n<p>El ministro ucranio de Infraestructura, Oleksander Kubrakov, asegur\u00f3 que \u201cda\u00f1aron granos de colza (c\u00e1nola) en tres vagones cerealeros, que transitaban por Polonia rumbo a Hamburgo\u201d.<\/p>\n\n\n\n<p>Ucrania anunci\u00f3 que utilizar\u00e1 una v\u00eda alternativa, por el r\u00edo Danubio hasta el puerto rumano de Constanza, para llegar a Alemania y Austria.<\/p>\n\n\n\n<p>Los ministros europeos de Agricultura se reunir\u00e1n con el fin de analizar el conjunto de demandas y propuestas del sector el lunes en Bruselas, donde ya se preparan manifestaciones.<\/p>\n\n\n\n<p>(Informaci\u00f3n de agencias \u201cLa Jornada\u201d)<\/p>\n","protected":false},"excerpt":{"rendered":"<p>Redacci\u00f3n\/Zona Roja Cdmx. Ciudad de M\u00e9xico, a 24 de febrero de 2024.- Agricultores franceses volvieron&hellip;<\/p>\n","protected":false},"author":2,"featured_media":64791,"comment_status":"closed","ping_status":"open","sticky":false,"template":"","format":"standard","meta":{"_lmt_disableupdate":"","_lmt_disable":"","_jetpack_memberships_contains_paid_content":false,"footnotes":""},"categories":[109,47],"tags":[],"class_list":["post-65627","post","type-post","status-publish","format-standard","has-post-thumbnail","hentry","category-minuto-a-minuto","category-zona-gris"],"jetpack_featured_media_url":"https:\/\/zonaroja.com.mx\/wp-content\/uploads\/2024\/01\/Protesta-de-agricultores-en-Francia.jpeg","jetpack_sharing_enabled":true,"_links":{"self":[{"href":"https:\/\/zonaroja.com.mx\/index.php?rest_route=\/wp\/v2\/posts\/65627","targetHints":{"allow":["GET"]}}],"collection":[{"href":"https:\/\/zonaroja.com.mx\/index.php?rest_route=\/wp\/v2\/posts"}],"about":[{"href":"https:\/\/zonaroja.com.mx\/index.php?rest_route=\/wp\/v2\/types\/post"}],"author":[{"embeddable":true,"href":"https:\/\/zonaroja.com.mx\/index.php?rest_route=\/wp\/v2\/users\/2"}],"replies":[{"embeddable":true,"href":"https:\/\/zonaroja.com.mx\/index.php?rest_route=%2Fwp%2Fv2%2Fcomments&post=65627"}],"version-history":[{"count":1,"href":"https:\/\/zonaroja.com.mx\/index.php?rest_route=\/wp\/v2\/posts\/65627\/revisions"}],"predecessor-version":[{"id":65628,"href":"https:\/\/zonaroja.com.mx\/index.php?rest_route=\/wp\/v2\/posts\/65627\/revisions\/65628"}],"wp:featuredmedia":[{"embeddable":true,"href":"https:\/\/zonaroja.com.mx\/index.php?rest_route=\/wp\/v2\/media\/64791"}],"wp:attachment":[{"href":"https:\/\/zonaroja.com.mx\/index.php?rest_route=%2Fwp%2Fv2%2Fmedia&parent=65627"}],"wp:term":[{"taxonomy":"category","embeddable":true,"href":"https:\/\/zonaroja.com.mx\/index.php?rest_route=%2Fwp%2Fv2%2Fcategories&post=65627"},{"taxonomy":"post_tag","embeddable":true,"href":"https:\/\/zonaroja.com.mx\/index.php?rest_route=%2Fwp%2Fv2%2Ftags&post=65627"}],"curies":[{"name":"wp","href":"https:\/\/api.w.org\/{rel}","templated":true}]}}