{"id":65629,"date":"2024-02-24T21:50:58","date_gmt":"2024-02-25T03:50:58","guid":{"rendered":"http:\/\/www.zonaroja.com.mx\/?p=65629"},"modified":"2024-02-24T21:51:01","modified_gmt":"2024-02-25T03:51:01","slug":"elementos-de-guardia-nacional-ebrios-protagonizan-hechos-de-violencia","status":"publish","type":"post","link":"https:\/\/zonaroja.com.mx\/?p=65629","title":{"rendered":"Elementos de Guardia Nacional ebrios protagonizan hechos de violencia"},"content":{"rendered":"\n<p>Ismael Garc\u00eda M.\/Zona Roja.<\/p>\n\n\n\n<p>Oaxaca de Ju\u00e1rez, Oax., a 24 de febrero de 2024.- Dos elementos de la Guardia Nacional en probable estado de ebriedad protagonizaron en las \u00faltimas horas incidentes violentos en Oaxaca, con saldos fatales.<\/p>\n\n\n\n<p>Anoche, en la carretera que une a Santo Domingo Tehuantepec con Salina Cruz, a la altura del fraccionamiento El Pitayal del primer municipio, un uniformado federal, presuntamente alcoholizado, arroll\u00f3 con su camioneta un mototaxi que cruz\u00f3 la cinta asf\u00e1ltica.<\/p>\n\n\n\n<p>El elemento fue identificado como Mario Eduardo Uscanga Vera, quien fue detenido posteriormente, pero el percance fatal dej\u00f3 un saldo de una persona fallecida, Benito E., y otra m\u00e1s lesionada de gravedad.<\/p>\n\n\n\n<p>Con su unidad de motor marca Dodge, tipo Journey de color blanco, con placas YVN-877-A del estado de Veracruz, a alta velocidad, arrastr\u00f3 por varios metros al mototaxi; de manera extraoficial se inform\u00f3 que por la tarde perdi\u00f3 la vida la persona herida, lo cual no se ha podido corroborar.<\/p>\n\n\n\n<p>EN HUAJUAPAN<\/p>\n\n\n\n<p>Por otra parte, en Huajuapan de Le\u00f3n, la tarde de hoy otro elemento de la Guardia Nacional protagoniz\u00f3 una ri\u00f1a en calles de dicho municipio, lo que arroj\u00f3 que lo atacaran con un machete y le cortaran la mano.<\/p>\n\n\n\n<p>Presuntamente el guardia, identificado como Yobani Omar C. E., en d\u00eda franco, se encontraba ebrio y tuvo un altercado con un automovilista, a quien intent\u00f3 atacar con un bat.<\/p>\n\n\n\n<p>En respuesta, el sujeto tom\u00f3 un machete y con un golpe le cort\u00f3 la mano, tras lo cual huy\u00f3 a bordo de su unidad de motor, pese a que ocurri\u00f3 en la c\u00e9ntrica calle Ju\u00e1rez de dicho municipio de la regi\u00f3n Mixteca.<\/p>\n","protected":false},"excerpt":{"rendered":"<p>Ismael Garc\u00eda M.\/Zona Roja. Oaxaca de Ju\u00e1rez, Oax., a 24 de febrero de 2024.- Dos&hellip;<\/p>\n","protected":false},"author":2,"featured_media":65630,"comment_status":"closed","ping_status":"open","sticky":false,"template":"","format":"standard","meta":{"_lmt_disableupdate":"","_lmt_disable":"","_jetpack_memberships_contains_paid_content":false,"footnotes":""},"categories":[109,47],"tags":[],"class_list":["post-65629","post","type-post","status-publish","format-standard","has-post-thumbnail","hentry","category-minuto-a-minuto","category-zona-gris"],"jetpack_featured_media_url":"https:\/\/zonaroja.com.mx\/wp-content\/uploads\/2024\/02\/Guardia-Nacional-Huajuapan-mano.jpg","jetpack_sharing_enabled":true,"_links":{"self":[{"href":"https:\/\/zonaroja.com.mx\/index.php?rest_route=\/wp\/v2\/posts\/65629","targetHints":{"allow":["GET"]}}],"collection":[{"href":"https:\/\/zonaroja.com.mx\/index.php?rest_route=\/wp\/v2\/posts"}],"about":[{"href":"https:\/\/zonaroja.com.mx\/index.php?rest_route=\/wp\/v2\/types\/post"}],"author":[{"embeddable":true,"href":"https:\/\/zonaroja.com.mx\/index.php?rest_route=\/wp\/v2\/users\/2"}],"replies":[{"embeddable":true,"href":"https:\/\/zonaroja.com.mx\/index.php?rest_route=%2Fwp%2Fv2%2Fcomments&post=65629"}],"version-history":[{"count":1,"href":"https:\/\/zonaroja.com.mx\/index.php?rest_route=\/wp\/v2\/posts\/65629\/revisions"}],"predecessor-version":[{"id":65631,"href":"https:\/\/zonaroja.com.mx\/index.php?rest_route=\/wp\/v2\/posts\/65629\/revisions\/65631"}],"wp:featuredmedia":[{"embeddable":true,"href":"https:\/\/zonaroja.com.mx\/index.php?rest_route=\/wp\/v2\/media\/65630"}],"wp:attachment":[{"href":"https:\/\/zonaroja.com.mx\/index.php?rest_route=%2Fwp%2Fv2%2Fmedia&parent=65629"}],"wp:term":[{"taxonomy":"category","embeddable":true,"href":"https:\/\/zonaroja.com.mx\/index.php?rest_route=%2Fwp%2Fv2%2Fcategories&post=65629"},{"taxonomy":"post_tag","embeddable":true,"href":"https:\/\/zonaroja.com.mx\/index.php?rest_route=%2Fwp%2Fv2%2Ftags&post=65629"}],"curies":[{"name":"wp","href":"https:\/\/api.w.org\/{rel}","templated":true}]}}