{"id":65638,"date":"2024-02-25T08:55:00","date_gmt":"2024-02-25T14:55:00","guid":{"rendered":"http:\/\/www.zonaroja.com.mx\/?p=65638"},"modified":"2024-02-25T06:51:53","modified_gmt":"2024-02-25T12:51:53","slug":"filtracion-de-amlo-desata-guerra-de-revelacion-de-numeros-de-celulares","status":"publish","type":"post","link":"https:\/\/zonaroja.com.mx\/?p=65638","title":{"rendered":"Filtraci\u00f3n de AMLO desata guerra de revelaci\u00f3n de n\u00fameros de celulares"},"content":{"rendered":"\n<p>Redacci\u00f3n\/Zona Roja Cdmx. Imagen: Ataca.<\/p>\n\n\n\n<p>Ciudad de M\u00e9xico, a 25 de febrero de 2024.- La filtraci\u00f3n por parte del Presidente Andr\u00e9s Manuel L\u00f3pez Obrador, el pasado jueves, del n\u00famero telef\u00f3nico de la periodista Natalie Kitroeff, del \u201cNew York Times\u201d, desat\u00f3 una ola de revelaci\u00f3n de celulares.<\/p>\n\n\n\n<p>Primero fue Jos\u00e9 Ram\u00f3n L\u00f3pez Beltr\u00e1n, luego la candidata presidencial por Morena, Claudia Sheinbaum; toc\u00f3 tambi\u00e9n a al vocero Jes\u00fas Ram\u00edrez Cuevas; la integrante de la dirigencia de Morena, Citlalli Hern\u00e1ndez, entre otros.<\/p>\n\n\n\n<p>Fue el pasado jueves, durante su conferencia matutina, en que el mandatario mostr\u00f3 el n\u00famero telef\u00f3nico de la periodista a cargo del art\u00edculo del rotativo estadounidense, lo que devino en duras cr\u00edticas y cuestionamientos por parte de la ciudadan\u00eda y los opositores a su gobierno.<\/p>\n\n\n\n<p>BAJAN VIDEO<\/p>\n\n\n\n<p>Tras la pol\u00e9mica que rode\u00f3 a L\u00f3pez Obrador y la filtraci\u00f3n del n\u00famero de la periodista, la plataforma YouTube baj\u00f3 el fragmento del video subido al canal del presidente, argumentando que incumpl\u00eda sus pol\u00edticas relacionadas al acoso y el \u201cbullyng\u201d.<\/p>\n\n\n\n<p>Por lo cual la conferencia de prensa matutina en la que el Presidente de M\u00e9xico expuso datos personales de Natalie Kitroeff, periodista de \u201cThe New York Times\u201d, fue eliminada.<\/p>\n\n\n\n<p>Seg\u00fan la plataforma YouTube, se alentaban \u201ccomportamientos perjudiciales, como las amenazas o el doxing\u201d.<\/p>\n\n\n\n<p>RESPONDE EL NYT<\/p>\n\n\n\n<p>Las redes de \u201cThe New York Times\u201d escribieron un comunicado que dice: \u201cRespuesta a la conferencia de prensa matutina del presidente de M\u00e9xico, Andr\u00e9s Manuel L\u00f3pez Obrador: Esta es una t\u00e1ctica preocupante e inaceptable por parte de un l\u00edder mundial en un momento en que las amenazas contra los periodistas van en aumento. Hemos publicado el art\u00edculo en cuesti\u00f3n y respaldamos nuestro trabajo de reporter\u00eda y a los periodistas que van en pos de la informaci\u00f3n a donde sea que este se encuentre\u201d.<\/p>\n\n\n\n<p>CONTRA CLAUDIA<\/p>\n\n\n\n<p>Ayer, Claudia Sheinbaum Pardo, exjefa de Gobierno de la Ciudad de M\u00e9xico (CDMX) y aspirante a la presidencia del pa\u00eds por parte de Movimiento de Regeneraci\u00f3n Nacional (Morena), denunci\u00f3 en su cuenta de X, antes Twitter, que su n\u00famero personal de tel\u00e9fono fue difundido en redes sociales.<\/p>\n\n\n\n<p>Aunado a esto, la candidata tambi\u00e9n coment\u00f3 que ha estado recibiendo mensajes de odio adem\u00e1s de insistentes llamadas. \u201cEl d\u00eda de hoy he estado recibiendo llamadas sin parar y mensajes de odio (como el que muestro) pues alguien public\u00f3 mi n\u00famero de tel\u00e9fono celular en redes sociales\u201d, manifest\u00f3.<\/p>\n\n\n\n<p>\u201cEs obvio lo que quieren hacer, de nuevo sus ataques son tan burdos como inofensivos. Los n\u00fameros que deber\u00edan preocuparles son los de las encuestas . A cambiar el n\u00famero de tel\u00e9fono. Que tengan buen d\u00eda\u201d, escribi\u00f3.<\/p>\n\n\n\n<p>CONTRA HIJO<\/p>\n\n\n\n<p>A su vez, Jos\u00e9 Ram\u00f3n L\u00f3pez Beltr\u00e1n denunci\u00f3 en su cuenta de X, antes Twitter, que antenoche se filtr\u00f3 su n\u00famero celular a trav\u00e9s de redes sociales, acusando que formaba parte de un acto de venganza en contra de su pap\u00e1, quien ayer fue cuestionado en su conferencia ma\u00f1anera sobre las cr\u00edticas en su contra por exhibir el tel\u00e9fono de la corresponsal del \u201cNew York Times\u201d, lo cual no consider\u00f3 un error y argument\u00f3 que fue para defenderse de la calumnia, proponiendo que si la reportera sent\u00eda en riesgo simplemente cambiara su tel\u00e9fono.<\/p>\n\n\n\n<p>\u201cEn las \u00faltimas horas, he sido objeto de un acto de invasi\u00f3n a mi privacidad, a trav\u00e9s de la filtraci\u00f3n de mi n\u00famero de tel\u00e9fono. Este acto, que entiendo como una forma de venganza y un intento de hacer da\u00f1o, no solo me afecta a m\u00ed, sino que tambi\u00e9n pone en peligro a mi familia y a la seguridad que merecen\u201d, escribi\u00f3 en una publicaci\u00f3n.<\/p>\n\n\n\n<p>Entre otras v\u00edctimas de revelaci\u00f3n de n\u00fameros telef\u00f3nicos se encuentran tambi\u00e9n presuntamente X\u00f3chitl G\u00e1lvez Ruiz, candidata presidencial opositora; Jes\u00fas Ram\u00edrez Cuevas; vocero del Presidente de la Rep\u00fablica, y Citlalli Hern\u00e1ndez, secretaria General del Partido Morena a nivel nacional.<\/p>\n\n\n\n<p>(Con informaci\u00f3n de Infobae M\u00e9xico)<\/p>\n","protected":false},"excerpt":{"rendered":"<p>Redacci\u00f3n\/Zona Roja Cdmx. Imagen: Ataca. Ciudad de M\u00e9xico, a 25 de febrero de 2024.- La&hellip;<\/p>\n","protected":false},"author":2,"featured_media":65639,"comment_status":"closed","ping_status":"open","sticky":false,"template":"","format":"standard","meta":{"_lmt_disableupdate":"","_lmt_disable":"","_jetpack_memberships_contains_paid_content":false,"footnotes":""},"categories":[109,47],"tags":[143],"class_list":["post-65638","post","type-post","status-publish","format-standard","has-post-thumbnail","hentry","category-minuto-a-minuto","category-zona-gris","tag-andres-manuel-lopez-obrador"],"jetpack_featured_media_url":"https:\/\/zonaroja.com.mx\/wp-content\/uploads\/2024\/02\/Whatsapp-mensajes-de-odio.jpeg","jetpack_sharing_enabled":true,"_links":{"self":[{"href":"https:\/\/zonaroja.com.mx\/index.php?rest_route=\/wp\/v2\/posts\/65638","targetHints":{"allow":["GET"]}}],"collection":[{"href":"https:\/\/zonaroja.com.mx\/index.php?rest_route=\/wp\/v2\/posts"}],"about":[{"href":"https:\/\/zonaroja.com.mx\/index.php?rest_route=\/wp\/v2\/types\/post"}],"author":[{"embeddable":true,"href":"https:\/\/zonaroja.com.mx\/index.php?rest_route=\/wp\/v2\/users\/2"}],"replies":[{"embeddable":true,"href":"https:\/\/zonaroja.com.mx\/index.php?rest_route=%2Fwp%2Fv2%2Fcomments&post=65638"}],"version-history":[{"count":1,"href":"https:\/\/zonaroja.com.mx\/index.php?rest_route=\/wp\/v2\/posts\/65638\/revisions"}],"predecessor-version":[{"id":65640,"href":"https:\/\/zonaroja.com.mx\/index.php?rest_route=\/wp\/v2\/posts\/65638\/revisions\/65640"}],"wp:featuredmedia":[{"embeddable":true,"href":"https:\/\/zonaroja.com.mx\/index.php?rest_route=\/wp\/v2\/media\/65639"}],"wp:attachment":[{"href":"https:\/\/zonaroja.com.mx\/index.php?rest_route=%2Fwp%2Fv2%2Fmedia&parent=65638"}],"wp:term":[{"taxonomy":"category","embeddable":true,"href":"https:\/\/zonaroja.com.mx\/index.php?rest_route=%2Fwp%2Fv2%2Fcategories&post=65638"},{"taxonomy":"post_tag","embeddable":true,"href":"https:\/\/zonaroja.com.mx\/index.php?rest_route=%2Fwp%2Fv2%2Ftags&post=65638"}],"curies":[{"name":"wp","href":"https:\/\/api.w.org\/{rel}","templated":true}]}}