{"id":65641,"date":"2024-02-25T09:56:00","date_gmt":"2024-02-25T15:56:00","guid":{"rendered":"http:\/\/www.zonaroja.com.mx\/?p=65641"},"modified":"2024-02-25T07:01:19","modified_gmt":"2024-02-25T13:01:19","slug":"destaca-nudo-mixteco-de-angeles-cruz-en-quinta-muestra-de-cine-de-lenguas-originarias","status":"publish","type":"post","link":"https:\/\/zonaroja.com.mx\/?p=65641","title":{"rendered":"Destaca \u201cNudo Mixteco\u201d de \u00c1ngeles Cruz en Quinta Muestra de Cine de Lenguas Originarias"},"content":{"rendered":"\n<p>Yuridiana Sosa\/Zona Roja.<\/p>\n\n\n\n<p>Oaxaca de Ju\u00e1rez, Oax., 25 de febrero de 2024.- La \u00f3pera prima \u201cNudo Mixteco\u201d, de la directora oaxaque\u00f1a \u00c1ngeles Cruz, forma parte de la selecci\u00f3n de 10 pel\u00edculas en la Quinta Muestra de Cine en Lenguas Originarias, que se realiza en el marco del D\u00eda Internacional de la Lengua Materna.<\/p>\n\n\n\n<p>Desde el pasado 21 de febrero, d\u00eda de la conmemoraci\u00f3n internacional, a trav\u00e9s del Canal 22, se ha transmitido \u201cNudo Mixteco\u201d, &nbsp;como ocurrir\u00e1 nuevamente este 25 de febrero a las 22:00 horas.<\/p>\n\n\n\n<p>Esta pel\u00edcula de 2021, realizada en la comunidad originaria de Santa Cruz Tayata, Tlaxiaco, cuenta el drama de tres migrantes que regresan a su comunidad, ubicada en la Mixteca de Oaxaca, donde se cruzan sus historias.<\/p>\n\n\n\n<p>Los hechos en esta obra comienzan durante la fiesta patronal de San Mateo, una comunidad regida por usos y costumbres, donde algunas importantes decisiones sobre la vida personal de uno de sus personajes es sometida a juicio ante la Asamblea comunitaria.<\/p>\n\n\n\n<p>RECONOCIMIENTOS<\/p>\n\n\n\n<p>La obra de la directora y guionista oaxaque\u00f1a, \u00c1ngeles Cruz, obtuvo m\u00e1s de una docena de nominaciones y premiaciones.<\/p>\n\n\n\n<p>\u201cNudo Mixteco\u201d fue ganadora de un Premio Ariel a mejor \u00f3pera prima, as\u00ed como nominada de siete categor\u00edas m\u00e1s de este importante galard\u00f3n cinematogr\u00e1fico.<\/p>\n\n\n\n<p>As\u00ed tambi\u00e9n recibi\u00f3 el premio Vancouver Latin American Film Festival como Premio del Jurado Joven a Nuevos Directores; en el Festival Internacional de Cine Las Palmas de Gran Canaria, una Menci\u00f3n Especial del Jurado y Premio del P\u00fablico.<\/p>\n\n\n\n<p>Fue ganadora a Mejor Pel\u00edcula en el Festival Internacional de Cine de Vi\u00f1a del Mar Ficvi\u00f1a; as\u00ed como en el Festival Internacional De Cine De Minneapolis St Paul recibi\u00f3 el Premio a Cineasta Emergente; en Mooov Film Festival,Premio Canvas; San Francisco Film Festival (Ssfilm), Premio Del Jurado De La Cr\u00edtica; Havana Film Festval Ny, Mejor Director; Festival de Cine Ibero-Latino Americano de Trieste, Menci\u00f3n Especial: Actriz de Largometraje Mexicano; Ficm Festival Internacional de Cine de Morelia, Mejor Gui\u00f3n y Premio del P\u00fablico.<\/p>\n\n\n\n<p>As\u00ed como en Cine Las Am\u00e9ricas International Film Festival (Claiff), Premio de la Audiencia; Philadelphia Latino Film Festival, Menci\u00f3n Especial del Jurado.<\/p>\n\n\n\n<p>ESFUERZOS<\/p>\n\n\n\n<p>En entrevista en diversos medios, la directora \u00c1ngeles Cruz expres\u00f3 previo a este film que: \u201cEn esta historia se me va la vida en contarle, esta historia la voy a escribir y esta historia la voy a perseguir hasta que la realice\u201d.<\/p>\n\n\n\n<p>El gran trabajo ahora es parte de las transmisiones del 21 al 27 de febrero de la Quinta Muestra de Cine en Lenguas Originarias, con la que miles de mexicanos podr\u00e1n verla.<\/p>\n\n\n\n<p>Esta muestra llega a varias ciudades de la Rep\u00fablica Mexicana as\u00ed como a la televisi\u00f3n nacional.<\/p>\n\n\n\n<p>Este 24 de febrero tambi\u00e9n se transmiti\u00f3 en la Biblioteca de M\u00e9xico, en la Ciudad de M\u00e9xico; el viernes 23, en la Sala Universitaria de cine en el Museo regional de historia de Colima.<\/p>\n\n\n\n<p>EXIGE JUSTICIA<\/p>\n\n\n\n<p>\u00c1ngeles Cruz sostiene su lucha en busca de justicia por el ataque armado y asesinato de sus vecinos de San Miguel El Grande el&nbsp;pasado 22 de noviembre.<\/p>\n\n\n\n<p>\u201cA 3 meses del cobarde ataque que sufrieron nuestros compa\u00f1eros en territorio de San Miguel el Grande Oaxaca, justicia para Jos\u00e9 P\u00e9rez Mendoza, Gabriel Cruz Ortiz, Rom\u00e1n Cruz Murillo\u201d, promueve la actriz y directora de cine.<\/p>\n\n\n\n<p>\u201cNo pedimos acciones extraordinarias, solo que las autoridades correspondientes&nbsp; hagan su trabajo. C\u00e1rcel a los responsables. Que el estado asuma su responsabilidad\u201d, exige al gobierno federal y estatal.<\/p>\n","protected":false},"excerpt":{"rendered":"<p>Yuridiana Sosa\/Zona Roja. Oaxaca de Ju\u00e1rez, Oax., 25 de febrero de 2024.- La \u00f3pera prima&hellip;<\/p>\n","protected":false},"author":2,"featured_media":65642,"comment_status":"closed","ping_status":"open","sticky":false,"template":"","format":"standard","meta":{"_lmt_disableupdate":"","_lmt_disable":"","_jetpack_memberships_contains_paid_content":false,"footnotes":""},"categories":[109,46],"tags":[2510],"class_list":["post-65641","post","type-post","status-publish","format-standard","has-post-thumbnail","hentry","category-minuto-a-minuto","category-zona-blanca","tag-angeles-cruz-murillo"],"jetpack_featured_media_url":"https:\/\/zonaroja.com.mx\/wp-content\/uploads\/2024\/02\/Nudo-Mixteco-Angeles-Cruz.jpeg","jetpack_sharing_enabled":true,"_links":{"self":[{"href":"https:\/\/zonaroja.com.mx\/index.php?rest_route=\/wp\/v2\/posts\/65641","targetHints":{"allow":["GET"]}}],"collection":[{"href":"https:\/\/zonaroja.com.mx\/index.php?rest_route=\/wp\/v2\/posts"}],"about":[{"href":"https:\/\/zonaroja.com.mx\/index.php?rest_route=\/wp\/v2\/types\/post"}],"author":[{"embeddable":true,"href":"https:\/\/zonaroja.com.mx\/index.php?rest_route=\/wp\/v2\/users\/2"}],"replies":[{"embeddable":true,"href":"https:\/\/zonaroja.com.mx\/index.php?rest_route=%2Fwp%2Fv2%2Fcomments&post=65641"}],"version-history":[{"count":1,"href":"https:\/\/zonaroja.com.mx\/index.php?rest_route=\/wp\/v2\/posts\/65641\/revisions"}],"predecessor-version":[{"id":65643,"href":"https:\/\/zonaroja.com.mx\/index.php?rest_route=\/wp\/v2\/posts\/65641\/revisions\/65643"}],"wp:featuredmedia":[{"embeddable":true,"href":"https:\/\/zonaroja.com.mx\/index.php?rest_route=\/wp\/v2\/media\/65642"}],"wp:attachment":[{"href":"https:\/\/zonaroja.com.mx\/index.php?rest_route=%2Fwp%2Fv2%2Fmedia&parent=65641"}],"wp:term":[{"taxonomy":"category","embeddable":true,"href":"https:\/\/zonaroja.com.mx\/index.php?rest_route=%2Fwp%2Fv2%2Fcategories&post=65641"},{"taxonomy":"post_tag","embeddable":true,"href":"https:\/\/zonaroja.com.mx\/index.php?rest_route=%2Fwp%2Fv2%2Ftags&post=65641"}],"curies":[{"name":"wp","href":"https:\/\/api.w.org\/{rel}","templated":true}]}}