{"id":6565,"date":"2019-12-11T08:45:59","date_gmt":"2019-12-11T14:45:59","guid":{"rendered":"http:\/\/www.zonaroja.com.mx\/?p=6565"},"modified":"2019-12-11T08:46:03","modified_gmt":"2019-12-11T14:46:03","slug":"irresuelto-conflicto-en-zona-chatina-yaitepec-insiste-que-son-sus-tierras","status":"publish","type":"post","link":"https:\/\/zonaroja.com.mx\/?p=6565","title":{"rendered":"Irresuelto, conflicto en zona chatina; Yaitepec insiste que son sus tierras"},"content":{"rendered":"\n<p>Redacci\u00f3n\/Zona\nRoja.<\/p>\n\n\n\n<p>Oaxaca\nde Ju\u00e1rez, Oax., 11 de diciembre de 2019.- A dos semanas de los recientes\nhechos violentos, que incluye como saldo una persona fallecida, no hay avances\nen la soluci\u00f3n del problema de disputa de tierras entre Santa Catarina Juquila\ny Santiago Yaitepec.<\/p>\n\n\n\n<p>Tras\nla tregua de Yaitepec por las festividades de la Virgen de Juquila, este\nmunicipio reclama como suyos dos mil 400 hect\u00e1reas. As\u00ed lo demuestran con un\nmapa que data de hace d\u00e9cadas y por medio del cual aseguran que las tierras son\nde sus ancestros por lo que sigue la pugna en la zona chatina.<\/p>\n\n\n\n<p>Las autoridades de Yaitepec dieron a conocer que estuvieron dispuestos en entregar la zona de \u201cEl Pedimento\u201d a sus vecinos de Juquila; sin embargo, estos quer\u00edan todo, las m\u00e1s de dos mil hect\u00e1reas que no est\u00e1n dispuestos a ceder.<\/p>\n\n\n\n<figure class=\"wp-block-embed-twitter wp-block-embed is-type-rich is-provider-twitter\"><div class=\"wp-block-embed__wrapper\">\n<div class=\"twitter-tweet\"><blockquote class=\"twitter-tweet\" data-lang=\"es\"><p lang=\"es\" dir=\"ltr\"><a href=\"https:\/\/twitter.com\/hashtag\/OaxacaRojo?src=hash&amp;ref_src=twsrc%5Etfw\">#OaxacaRojo<\/a><br>(1) Entre tensi\u00f3n y reclamos celebran hoy  a la virgen en Santa Catarina Juquila, por el conflicto que mantiene con Santiago Yaitepec; este \u00faltimo municipio asegura que las tierras le pertenecen desde sus ancestros. <a href=\"https:\/\/t.co\/Po0hWdRZKp\">pic.twitter.com\/Po0hWdRZKp<\/a><\/p>&mdash; Zona Roja Oaxaca (@MexRoja) <a href=\"https:\/\/twitter.com\/MexRoja\/status\/1203702404094595072?ref_src=twsrc%5Etfw\">8 de diciembre de 2019<\/a><\/blockquote><\/div>\n<\/div><\/figure>\n\n\n\n<p>\u201cA\nnosotros como chatinos nos olvidan, nos discriminan, pesa m\u00e1s Juquila porque\nhay un ingreso importante de dinero, por eso las autoridades estatales se\ninclinaron en su respaldo\u201d, asegur\u00f3 ante los medios de comunicaci\u00f3n el\npresidente de Bienes Comunales de la localidad, Antonio Diego Cruz Santiago.<\/p>\n\n\n\n<p>De\nacuerdo con la autoridad comunal y debido a los a\u00f1os de atropellos, el pasado 3\nde febrero el pueblo chatino se arm\u00f3 de valor e iniciaron el proceso legal para\nreclamar sus tierras, mismas que las autoridades municipales no han querido\ndefender.<\/p>\n\n\n\n<p>Por lo anterior y con documento que les respalda, aseguraron que en julio pasado el Poder Judicial de la Naci\u00f3n recibi\u00f3 una solicitud de amparo por parte de autoridades de Yaitepec contra actos del presidente de M\u00e9xico y otras autoridades en torno a la problem\u00e1tica.<\/p>\n\n\n\n<figure class=\"wp-block-embed-twitter wp-block-embed is-type-rich is-provider-twitter\"><div class=\"wp-block-embed__wrapper\">\n<div class=\"twitter-tweet\"><blockquote class=\"twitter-tweet\" data-lang=\"es\"><p lang=\"es\" dir=\"ltr\">(2) &quot;Lo que Yaitepec reclama son 2,400 hect\u00e1reas; est\u00e1bamos dispuestos a entregar &#39;El Pedimento&#39; a Juquila, pero ellos no quisieron y rechazaron ese acuerdo para mantener la paz&quot;, refiere el Comisariado de Bienes Comunales. <a href=\"https:\/\/t.co\/qgCULMfHNn\">pic.twitter.com\/qgCULMfHNn<\/a><\/p>&mdash; Zona Roja Oaxaca (@MexRoja) <a href=\"https:\/\/twitter.com\/MexRoja\/status\/1203706139327811585?ref_src=twsrc%5Etfw\">8 de diciembre de 2019<\/a><\/blockquote><\/div>\n<\/div><\/figure>\n\n\n\n<p>La\ndemanda se\u00f1ala como acto reclamado: todo lo actuado en el procedimiento de\nReconocimiento y titulaci\u00f3n de Bienes Comunales del poblado de Santa Catarina\nJuquila; la resoluci\u00f3n presidencial publicada el 11 de julio de 1970&nbsp; misma que fue emitida sin el conocimiento de\nla autoridad de Yaitepec, a\u00fan cuando involucra hect\u00e1reas en disputa; todos y\ncada uno de los actos sucesivos emanados de dicha resoluci\u00f3n.<\/p>\n\n\n\n<p>As\u00ed\nmismo, los actos de discriminaci\u00f3n en contra de Yaitepec por parte de las\nautoridades federales al dejarlo inauditos y de no cumplir con las formalidades\ndel procedimiento al momento de emitir la resoluci\u00f3n presidencial,\naprovech\u00e1ndose de condici\u00f3n ind\u00edgena, extrema pobreza, creencias distintas y\ndesconocimiento de la lengua castellana.<\/p>\n\n\n\n<p>Dicha\ninstancia tom\u00f3 en cuenta lo anterior y decret\u00f3 la suspensi\u00f3n de dichos actos\npara que las autoridades responsables se abstenga de llevar a cabo actos de\ndesposesi\u00f3n sobre la fracci\u00f3n del territorio comunal en disputa, lo cual fue\nnotificado desde julio pasado.<\/p>\n\n\n\n<p>Pese a lo anterior el pasado 30 de noviembre y 1 de diciembre fueron v\u00edctimas de un desalojo violento por parte de las autoridades estales y federales, a trav\u00e9s de elementos de la Polic\u00eda Estatal y la Guardia Nacional, el cual dej\u00f3 como saldo una mujer ersona muerta y decenas ni\u00f1as, ni\u00f1os, mujeres y personas adultas con secuelas emocionales.<\/p>\n\n\n\n<figure class=\"wp-block-embed-twitter wp-block-embed is-type-rich is-provider-twitter\"><div class=\"wp-block-embed__wrapper\">\n<div class=\"twitter-tweet\"><blockquote class=\"twitter-tweet\" data-lang=\"es\"><p lang=\"es\" dir=\"ltr\">(Y 3) El gobierno opt\u00f3 por apoyar a Juquila y echar a la fuerza p\u00fablica a Yaitepec, porque Juquila puede pesar m\u00e1s por el dinero; &quot;a nosotros como chatinos nos discriminan&quot;, dice <a href=\"https:\/\/twitter.com\/hashtag\/Yaitepec?src=hash&amp;ref_src=twsrc%5Etfw\">#Yaitepec<\/a>. <a href=\"https:\/\/t.co\/TuGIKNwUBo\">pic.twitter.com\/TuGIKNwUBo<\/a><\/p>&mdash; Zona Roja Oaxaca (@MexRoja) <a href=\"https:\/\/twitter.com\/MexRoja\/status\/1203766118239932423?ref_src=twsrc%5Etfw\">8 de diciembre de 2019<\/a><\/blockquote><\/div>\n<\/div><\/figure>\n","protected":false},"excerpt":{"rendered":"<p>Redacci\u00f3n\/Zona Roja. Oaxaca de Ju\u00e1rez, Oax., 11 de diciembre de 2019.- A dos semanas de&hellip;<\/p>\n","protected":false},"author":2,"featured_media":6566,"comment_status":"closed","ping_status":"open","sticky":false,"template":"","format":"standard","meta":{"_lmt_disableupdate":"","_lmt_disable":"","_jetpack_memberships_contains_paid_content":false,"footnotes":""},"categories":[109,47],"tags":[556,546],"class_list":["post-6565","post","type-post","status-publish","format-standard","has-post-thumbnail","hentry","category-minuto-a-minuto","category-zona-gris","tag-conflicto-yaitepec-juquila","tag-santiago-yaitepec"],"jetpack_featured_media_url":"https:\/\/zonaroja.com.mx\/wp-content\/uploads\/2019\/12\/Santiago-Yaitepec.jpg","jetpack_sharing_enabled":true,"_links":{"self":[{"href":"https:\/\/zonaroja.com.mx\/index.php?rest_route=\/wp\/v2\/posts\/6565","targetHints":{"allow":["GET"]}}],"collection":[{"href":"https:\/\/zonaroja.com.mx\/index.php?rest_route=\/wp\/v2\/posts"}],"about":[{"href":"https:\/\/zonaroja.com.mx\/index.php?rest_route=\/wp\/v2\/types\/post"}],"author":[{"embeddable":true,"href":"https:\/\/zonaroja.com.mx\/index.php?rest_route=\/wp\/v2\/users\/2"}],"replies":[{"embeddable":true,"href":"https:\/\/zonaroja.com.mx\/index.php?rest_route=%2Fwp%2Fv2%2Fcomments&post=6565"}],"version-history":[{"count":1,"href":"https:\/\/zonaroja.com.mx\/index.php?rest_route=\/wp\/v2\/posts\/6565\/revisions"}],"predecessor-version":[{"id":6567,"href":"https:\/\/zonaroja.com.mx\/index.php?rest_route=\/wp\/v2\/posts\/6565\/revisions\/6567"}],"wp:featuredmedia":[{"embeddable":true,"href":"https:\/\/zonaroja.com.mx\/index.php?rest_route=\/wp\/v2\/media\/6566"}],"wp:attachment":[{"href":"https:\/\/zonaroja.com.mx\/index.php?rest_route=%2Fwp%2Fv2%2Fmedia&parent=6565"}],"wp:term":[{"taxonomy":"category","embeddable":true,"href":"https:\/\/zonaroja.com.mx\/index.php?rest_route=%2Fwp%2Fv2%2Fcategories&post=6565"},{"taxonomy":"post_tag","embeddable":true,"href":"https:\/\/zonaroja.com.mx\/index.php?rest_route=%2Fwp%2Fv2%2Ftags&post=6565"}],"curies":[{"name":"wp","href":"https:\/\/api.w.org\/{rel}","templated":true}]}}