{"id":65651,"date":"2024-02-25T14:00:00","date_gmt":"2024-02-25T20:00:00","guid":{"rendered":"http:\/\/www.zonaroja.com.mx\/?p=65651"},"modified":"2024-02-25T07:20:40","modified_gmt":"2024-02-25T13:20:40","slug":"tiene-mexico-la-mayor-planta-fotovoltaica-del-mundo-en-donde-esta","status":"publish","type":"post","link":"https:\/\/zonaroja.com.mx\/?p=65651","title":{"rendered":"Tiene M\u00e9xico la mayor planta fotovoltaica del mundo, \u00bfen d\u00f3nde est\u00e1?"},"content":{"rendered":"\n<p>Redacci\u00f3n\/Zona Roja Cdmx.<\/p>\n\n\n\n<p>Ciudad de M\u00e9xico, a 25 de febrero de 2025.- El Gobierno de la Ciudad de M\u00e9xico concluy\u00f3 y entreg\u00f3 la Planta Fotovoltaica instalada en la Central de Abasto, la m\u00e1s grande en el mundo, instalada dentro de una urbe.<\/p>\n\n\n\n<p>En total, se instalaron 30 mil paneles solar, en 21 hect\u00e1reas, en la zona de techos de 21 naves comerciales de la CEDA, que generar\u00e1n la energ\u00eda el\u00e9ctrica equivalente a la electricidad que requieren diez mil hogares de la Ciudad de M\u00e9xico, asegur\u00f3 el Jefe de Gobierno, Mart\u00ed Batres, al encabezar la entrega de la obra.<\/p>\n\n\n\n<p>Con una inversi\u00f3n de 600 millones de pesos, la energ\u00eda generada por la nueva Planta Fotovoltaica alimentar\u00e1 las \u00e1reas comunes de la Central de Abasto, para permitir un ahorro de 3.5 millones de pesos, de un total de 13 millones que pagan cada a\u00f1o los locatarios por este servicio.<\/p>\n\n\n\n<p>Adem\u00e1s, contar\u00e1 con 18 megawatts con una capacidad para generar 25 gigawatts\/horas anuales, lo que equivale al 30 por ciento de la energ\u00eda que consume cada ca\u00f1o el mercado de abasto m\u00e1s grande de la Ciudad de M\u00e9xico y de Am\u00e9rica Latina.<\/p>\n\n\n\n<p>Se trata de un gran paso en generaci\u00f3n de energ\u00eda limpia (\u2026) para aquellos que critican que el gobierno genera energ\u00eda con materiales f\u00f3siles\u201d indic\u00f3 el Jefe de Gobierno, luego de recorrer las instalaciones de la Planta, acompa\u00f1ado por el Secretario de Energ\u00eda del Gobierno Federal, Miguel \u00c1ngel Maciel, y del director general de la CFE, Manuel Bartlett.<\/p>\n\n\n\n<p>Aqu\u00ed hay una inversi\u00f3n de 600 millones de pesos y con esta inversi\u00f3n se cuenta con una capacidad instalada de 18 mega wats y se podr\u00e1 generar hasta 25 giga wats hora anuales\u201d lo que permitir\u00e1, dijo Batres Guadarrama, \u201cproducir energ\u00eda el\u00e9ctrica equivalente a la que requieren 10 mil hogares de la ciudad de M\u00e9xico\u201d<\/p>\n\n\n\n<p>Esa es la nueva energ\u00eda el\u00e9ctrica que vamos a tener con esta planta fotovoltaica\u201d, recalc\u00f3.<\/p>\n\n\n\n<p>Adem\u00e1s, se dejar\u00e1n de emitir 11 mil 400 toneladas de CO2; equivalente a la reforestaci\u00f3n de 29 mil \u00e1rboles de pino y a su cuidado durante 50 a\u00f1os. Ese es el valor medio ambiental que tiene esta planta fotovoltaica, indic\u00f3 el mandatario capitalino.<\/p>\n\n\n\n<p>La primera fase de la obra entr\u00f3 en operaci\u00f3n en junio del a\u00f1o pasado, y fue este martes cuando se anunci\u00f3 el t\u00e9rmino de la infraestructura para la captaci\u00f3n de energ\u00eda solar, para entregar la Planta a la Comisi\u00f3n Federal de Electricidad \u201cpara su manejo y usufructo\u201d, como lo anunci\u00f3 en el evento el secretario de Desarrollo Econ\u00f3mico, Fadlala Akabani.<\/p>\n\n\n\n<p>Los 30 mil paneles solares \u201cvan a poder atender las necesidades de las \u00e1reas comunes de la Central de Abasto, para reducir sus costos de operaci\u00f3n, por supuesto, ofrecer\u00e1 tambi\u00e9n energ\u00eda limpia a los vecinos de la alcald\u00eda Iztapalapa y tambi\u00e9n pues algunos edificios p\u00fablicos del gobierno de la Ciudad de M\u00e9xico\u201d precis\u00f3 el funcionario.<\/p>\n\n\n\n<p>La Planta Fotovoltaica de la Central de Abasto es la m\u00e1s grande del mundo al interior de una ciudad. No hay una construcci\u00f3n similar en todo el planeta\u201d, celebr\u00f3 Akabani Hneide.<\/p>\n\n\n\n<p>El proyecto representa una inversi\u00f3n de 600 millones de pesos aproximadamente, de los cuales la Secretar\u00eda de Energ\u00eda destin\u00f3 500 millones de un fondo para energ\u00edas renovables, m\u00e1s un aporte del gobierno de la Ciudad de M\u00e9xico por 100 millones de pesos, mientras que el trabajo de instalaci\u00f3n ha estado a cargo de la Comisi\u00f3n Federal de Electricidad.<\/p>\n\n\n\n<p>Al respecto, el director de la CFE, Manuel Bartlett, se comprometi\u00f3 a \u201cdar un buen manejo a la obra\u201d impulsada por la precandidata a la Presidencia de la Rep\u00fablica, Claudia Sheinbaum, en favor de las energ\u00edas limpias en la CDMX.<\/p>\n\n\n\n<p>(Informaci\u00f3n de agencias \u201cExc\u00e9lsior\u201d)<\/p>\n","protected":false},"excerpt":{"rendered":"<p>Redacci\u00f3n\/Zona Roja Cdmx. Ciudad de M\u00e9xico, a 25 de febrero de 2025.- El Gobierno de&hellip;<\/p>\n","protected":false},"author":2,"featured_media":65525,"comment_status":"closed","ping_status":"open","sticky":false,"template":"","format":"standard","meta":{"_lmt_disableupdate":"","_lmt_disable":"","_jetpack_memberships_contains_paid_content":false,"footnotes":""},"categories":[109,52],"tags":[],"class_list":["post-65651","post","type-post","status-publish","format-standard","has-post-thumbnail","hentry","category-minuto-a-minuto","category-zona-verde"],"jetpack_featured_media_url":"https:\/\/zonaroja.com.mx\/wp-content\/uploads\/2024\/02\/Granja-solar-Central-de-Abasto-Ciudad-de-Mexico.jpeg","jetpack_sharing_enabled":true,"_links":{"self":[{"href":"https:\/\/zonaroja.com.mx\/index.php?rest_route=\/wp\/v2\/posts\/65651","targetHints":{"allow":["GET"]}}],"collection":[{"href":"https:\/\/zonaroja.com.mx\/index.php?rest_route=\/wp\/v2\/posts"}],"about":[{"href":"https:\/\/zonaroja.com.mx\/index.php?rest_route=\/wp\/v2\/types\/post"}],"author":[{"embeddable":true,"href":"https:\/\/zonaroja.com.mx\/index.php?rest_route=\/wp\/v2\/users\/2"}],"replies":[{"embeddable":true,"href":"https:\/\/zonaroja.com.mx\/index.php?rest_route=%2Fwp%2Fv2%2Fcomments&post=65651"}],"version-history":[{"count":1,"href":"https:\/\/zonaroja.com.mx\/index.php?rest_route=\/wp\/v2\/posts\/65651\/revisions"}],"predecessor-version":[{"id":65652,"href":"https:\/\/zonaroja.com.mx\/index.php?rest_route=\/wp\/v2\/posts\/65651\/revisions\/65652"}],"wp:featuredmedia":[{"embeddable":true,"href":"https:\/\/zonaroja.com.mx\/index.php?rest_route=\/wp\/v2\/media\/65525"}],"wp:attachment":[{"href":"https:\/\/zonaroja.com.mx\/index.php?rest_route=%2Fwp%2Fv2%2Fmedia&parent=65651"}],"wp:term":[{"taxonomy":"category","embeddable":true,"href":"https:\/\/zonaroja.com.mx\/index.php?rest_route=%2Fwp%2Fv2%2Fcategories&post=65651"},{"taxonomy":"post_tag","embeddable":true,"href":"https:\/\/zonaroja.com.mx\/index.php?rest_route=%2Fwp%2Fv2%2Ftags&post=65651"}],"curies":[{"name":"wp","href":"https:\/\/api.w.org\/{rel}","templated":true}]}}