{"id":65655,"date":"2024-02-25T15:03:59","date_gmt":"2024-02-25T21:03:59","guid":{"rendered":"http:\/\/www.zonaroja.com.mx\/?p=65655"},"modified":"2024-02-25T15:04:00","modified_gmt":"2024-02-25T21:04:00","slug":"segundo-dia-de-ejecuciones-en-juchitan-oaxaca","status":"publish","type":"post","link":"https:\/\/zonaroja.com.mx\/?p=65655","title":{"rendered":"Segundo d\u00eda de ejecuciones en Juchit\u00e1n, Oaxaca"},"content":{"rendered":"\n<p>Ismael Garc\u00eda M.\/Zona Roja.<\/p>\n\n\n\n<p>Oaxaca de Ju\u00e1rez, Oax., a 25 de febrero de 2024.- Por segundo d\u00eda consecutivo, en Juchit\u00e1n de Zaragoza ocurri\u00f3 una ejecuci\u00f3n a balazos.<\/p>\n\n\n\n<p>Fue esta ma\u00f1ana en que localizaron el cuerpo de un individuo, presuntamente mototaxista, a la altura del paraje \u201cPepe y Lolita\u201d de la carretera Juchit\u00e1n-Santo Domingo Tehuantepec.<\/p>\n\n\n\n<p>La v\u00edctima fue identificada como Mart\u00edn M., quien ten\u00eda su domicilio en la colonia Lorenza Santiago y presuntamente se dedicaba al transporte ilegal de migrantes.<\/p>\n\n\n\n<p>La Vicefiscal\u00eda Regional del Istmo inici\u00f3 las indagatorias correspondientes, con la finalidad de llevar a la justicia al o los probables responsables.<\/p>\n\n\n\n<p>EN ZAACHILA<\/p>\n\n\n\n<p>Por otra parte, la ma\u00f1ana de hoy fue localizado un cuerpo sin vida, a un costado de la carretera federal Oaxaca-Puerto \u00c1ngel, cerca del llamado crucero de la Y, jurisdicci\u00f3n de la Villa de Zaachila.<\/p>\n\n\n\n<p>Portaba entre sus pertenencias una credencial del Instituto Nacional Electoral a nombre de Javier M. G., con domicilio en la colonia Aquiles Serd\u00e1n, del municipio de Santa Luc\u00eda del Camino.<\/p>\n\n\n\n<p>Hasta el momento no se ha precisado si fue v\u00edctima de un accidente vehicular o fue asesinado.<\/p>\n\n\n\n<p>EN TUXTEPEC<\/p>\n\n\n\n<p>Mientras tanto en San Juan Bautista Tuxtepec las autoridades municipales y estatales confirmaron la muerte de un profesor y director del Centro de Bachilleres \u201cMois\u00e9s S\u00e1ez\u201d, \u00c1lvaro M. C,, quien hab\u00eda sido reportado como desaparecido o secuestrado la semana pasada.<\/p>\n\n\n\n<p>El cuerpo, presuntamente con huellas de tortura, fue hallado ayer en la calzada V\u00edctor Bravo Ah\u00faja y hasta el momento se desconoce qui\u00e9n o qui\u00e9nes asesinaron al tambi\u00e9n docente del Instituto Tecnol\u00f3gico de Oaxaca.<\/p>\n","protected":false},"excerpt":{"rendered":"<p>Ismael Garc\u00eda M.\/Zona Roja. Oaxaca de Ju\u00e1rez, Oax., a 25 de febrero de 2024.- Por&hellip;<\/p>\n","protected":false},"author":2,"featured_media":65656,"comment_status":"closed","ping_status":"open","sticky":false,"template":"","format":"standard","meta":{"_lmt_disableupdate":"","_lmt_disable":"","_jetpack_memberships_contains_paid_content":false,"footnotes":""},"categories":[109,51],"tags":[123],"class_list":["post-65655","post","type-post","status-publish","format-standard","has-post-thumbnail","hentry","category-minuto-a-minuto","category-zona-roja","tag-juchitan-de-zaragoza"],"jetpack_featured_media_url":"https:\/\/zonaroja.com.mx\/wp-content\/uploads\/2024\/02\/Asesinado-Juchitan-paraje-Pepe-y-Lolita.jpg","jetpack_sharing_enabled":true,"_links":{"self":[{"href":"https:\/\/zonaroja.com.mx\/index.php?rest_route=\/wp\/v2\/posts\/65655","targetHints":{"allow":["GET"]}}],"collection":[{"href":"https:\/\/zonaroja.com.mx\/index.php?rest_route=\/wp\/v2\/posts"}],"about":[{"href":"https:\/\/zonaroja.com.mx\/index.php?rest_route=\/wp\/v2\/types\/post"}],"author":[{"embeddable":true,"href":"https:\/\/zonaroja.com.mx\/index.php?rest_route=\/wp\/v2\/users\/2"}],"replies":[{"embeddable":true,"href":"https:\/\/zonaroja.com.mx\/index.php?rest_route=%2Fwp%2Fv2%2Fcomments&post=65655"}],"version-history":[{"count":1,"href":"https:\/\/zonaroja.com.mx\/index.php?rest_route=\/wp\/v2\/posts\/65655\/revisions"}],"predecessor-version":[{"id":65657,"href":"https:\/\/zonaroja.com.mx\/index.php?rest_route=\/wp\/v2\/posts\/65655\/revisions\/65657"}],"wp:featuredmedia":[{"embeddable":true,"href":"https:\/\/zonaroja.com.mx\/index.php?rest_route=\/wp\/v2\/media\/65656"}],"wp:attachment":[{"href":"https:\/\/zonaroja.com.mx\/index.php?rest_route=%2Fwp%2Fv2%2Fmedia&parent=65655"}],"wp:term":[{"taxonomy":"category","embeddable":true,"href":"https:\/\/zonaroja.com.mx\/index.php?rest_route=%2Fwp%2Fv2%2Fcategories&post=65655"},{"taxonomy":"post_tag","embeddable":true,"href":"https:\/\/zonaroja.com.mx\/index.php?rest_route=%2Fwp%2Fv2%2Ftags&post=65655"}],"curies":[{"name":"wp","href":"https:\/\/api.w.org\/{rel}","templated":true}]}}