{"id":65658,"date":"2024-02-25T19:43:16","date_gmt":"2024-02-26T01:43:16","guid":{"rendered":"http:\/\/www.zonaroja.com.mx\/?p=65658"},"modified":"2024-02-25T19:43:19","modified_gmt":"2024-02-26T01:43:19","slug":"canino-ataca-y-lesiona-a-un-menor-en-pochutla-fiscalia-indaga-el-caso","status":"publish","type":"post","link":"https:\/\/zonaroja.com.mx\/?p=65658","title":{"rendered":"Canino ataca y lesiona a un menor en Pochutla; Fiscal\u00eda indaga el caso"},"content":{"rendered":"\n<p>Ismael Garc\u00eda M.\/Zona Roja.<\/p>\n\n\n\n<p>Oaxaca de Ju\u00e1rez, Oax., a 25 de febrero de 2024.- Un perro, cuyos due\u00f1os son presuntamente extranjeros, atac\u00f3 ayer a un menor de edad, en el municipio de San Pedro Pochutla, y quien se encuentra delicado de salud en el Hospital General \u201cDr. Aurelio Valdivieso\u201d de la ciudad de Oaxaca.<\/p>\n\n\n\n<p>Seg\u00fan las primeras versiones que se dieron a conocer v\u00eda redes sociales, el animal agredi\u00f3 al menos de nueve a\u00f1os de edad y le arenc\u00f3 una oreja adem\u00e1s de da\u00f1arle un ojo.<\/p>\n\n\n\n<p>\u201cDerivado de una noticia criminal identificada a trav\u00e9s de la informaci\u00f3n circulante en redes sociales, la Fiscal\u00eda General del Estado de Oaxaca (FGEO) de oficio inici\u00f3 una carpeta de investigaci\u00f3n por el delito de lesiones y lo que se llegue a configurar, luego de las heridas que sufri\u00f3 un menor de edad luego de ser atacado por unos perros, en San Pedro Pochutla, en la regi\u00f3n de la Costa\u201d, inform\u00f3 la instituci\u00f3n.<\/p>\n\n\n\n<p>En un comunicado, detall\u00f3 que la Vicefiscal\u00eda Regional de la Costa qued\u00f3 a cargo de los trabajos ministeriales, por lo que gir\u00f3 los oficios correspondientes para robustecer las indagatorias, adem\u00e1s que qued\u00f3 a la espera de recibir la denuncia y declaraci\u00f3n de las v\u00edctimas.<\/p>\n\n\n\n<p>Supuestamente el nombre del due\u00f1o es Paul, quien aseguran se dio a la fuga junto con su pareja y se habr\u00eda refugiado en un domicilio que tienen en el municipio de Candelaria Loxicha.<\/p>\n","protected":false},"excerpt":{"rendered":"<p>Ismael Garc\u00eda M.\/Zona Roja. Oaxaca de Ju\u00e1rez, Oax., a 25 de febrero de 2024.- Un&hellip;<\/p>\n","protected":false},"author":2,"featured_media":65659,"comment_status":"closed","ping_status":"open","sticky":false,"template":"","format":"standard","meta":{"_lmt_disableupdate":"","_lmt_disable":"","_jetpack_memberships_contains_paid_content":false,"footnotes":""},"categories":[109,47],"tags":[494],"class_list":["post-65658","post","type-post","status-publish","format-standard","has-post-thumbnail","hentry","category-minuto-a-minuto","category-zona-gris","tag-fiscalia-general-del-estado-de-oaxaca"],"jetpack_featured_media_url":"https:\/\/zonaroja.com.mx\/wp-content\/uploads\/2024\/02\/Nino-lesionado-Pochutla-por-ataque-de-perro.jpg","jetpack_sharing_enabled":true,"_links":{"self":[{"href":"https:\/\/zonaroja.com.mx\/index.php?rest_route=\/wp\/v2\/posts\/65658","targetHints":{"allow":["GET"]}}],"collection":[{"href":"https:\/\/zonaroja.com.mx\/index.php?rest_route=\/wp\/v2\/posts"}],"about":[{"href":"https:\/\/zonaroja.com.mx\/index.php?rest_route=\/wp\/v2\/types\/post"}],"author":[{"embeddable":true,"href":"https:\/\/zonaroja.com.mx\/index.php?rest_route=\/wp\/v2\/users\/2"}],"replies":[{"embeddable":true,"href":"https:\/\/zonaroja.com.mx\/index.php?rest_route=%2Fwp%2Fv2%2Fcomments&post=65658"}],"version-history":[{"count":1,"href":"https:\/\/zonaroja.com.mx\/index.php?rest_route=\/wp\/v2\/posts\/65658\/revisions"}],"predecessor-version":[{"id":65660,"href":"https:\/\/zonaroja.com.mx\/index.php?rest_route=\/wp\/v2\/posts\/65658\/revisions\/65660"}],"wp:featuredmedia":[{"embeddable":true,"href":"https:\/\/zonaroja.com.mx\/index.php?rest_route=\/wp\/v2\/media\/65659"}],"wp:attachment":[{"href":"https:\/\/zonaroja.com.mx\/index.php?rest_route=%2Fwp%2Fv2%2Fmedia&parent=65658"}],"wp:term":[{"taxonomy":"category","embeddable":true,"href":"https:\/\/zonaroja.com.mx\/index.php?rest_route=%2Fwp%2Fv2%2Fcategories&post=65658"},{"taxonomy":"post_tag","embeddable":true,"href":"https:\/\/zonaroja.com.mx\/index.php?rest_route=%2Fwp%2Fv2%2Ftags&post=65658"}],"curies":[{"name":"wp","href":"https:\/\/api.w.org\/{rel}","templated":true}]}}