{"id":65663,"date":"2024-02-26T07:23:03","date_gmt":"2024-02-26T13:23:03","guid":{"rendered":"http:\/\/www.zonaroja.com.mx\/?p=65663"},"modified":"2024-02-26T07:23:06","modified_gmt":"2024-02-26T13:23:06","slug":"opinion-murat-impunidad-y-la-insurreccion-de-los-morenistas-organicos","status":"publish","type":"post","link":"https:\/\/zonaroja.com.mx\/?p=65663","title":{"rendered":"Opini\u00f3n. Murat, impunidad y la insurrecci\u00f3n de los morenistas org\u00e1nicos"},"content":{"rendered":"\n<p>Ismael Garc\u00eda M.\/Zona Roja.<\/p>\n\n\n\n<p>Oaxaca de Ju\u00e1rez, Oax., a 27 de febrero de 2024.- \u201cCasi siempre mando a saludar a Mario Delgado y compa\u00f1\u00eda, pero esta vez s\u00f3lo te voy a decir Mario: de verdad no tienes tantita dignidad para voltear a ver a lo que es la verdadera militancia.<\/p>\n\n\n\n<p>\u201c\u00a1Ya basta de seguir llenando de prianistas a Morena! Seg\u00fan no hay cuadros, pero no s\u00e9 qu\u00e9 tipo de cuadros quieres; lo que quieres es dinero, y como dice nuestro Presidente de la Rep\u00fablica, no tienes llenadero\u2026 \u00a1No vamos a pedir el voto para ning\u00fan chapul\u00edn! \u00a1No vamos a pedir el voto para ning\u00fan prianista!\u201d.<\/p>\n\n\n\n<p>El grito es de la morenista poblana Araceli Bautista, hace una semana, durante una reuni\u00f3n de la Convenci\u00f3n Nacional Morenista, frente que d\u00eda con d\u00eda suma m\u00e1s adeptos del partido guinda, irritados por las decisiones cupulares.<\/p>\n\n\n\n<p>Pero ese grito se va extendiendo poco a poco a lo largo y ancho del pa\u00eds y est\u00e1 a punto de desatar una severa crisis partidista, que podr\u00eda derivar en la divisi\u00f3n de Morena.<\/p>\n\n\n\n<p>Un ejemplo de tantos: Si la reaparici\u00f3n p\u00fablica de Alejandro Murat en Oaxaca, el pasado 4 de febrero, fue un fuerte golpe pol\u00edtico para el morenismo estatal y para el propio gobernador Salom\u00f3n Jara Cruz, la entrega de una candidatura al ex gobernante es una aut\u00e9ntica afrenta a la 4T oaxaque\u00f1a.<\/p>\n\n\n\n<p>No hay ninguna explicaci\u00f3n, pol\u00edtica o afectiva, para la designaci\u00f3n, el pasado 22 de febrero, de una curul al Senado de la Rep\u00fablica a quien reci\u00e9n dej\u00f3 el PRI, partido del que se ha aprovechado econ\u00f3mica y pol\u00edticamente, siempre a la sombra de su padre Jos\u00e9 Murat.<\/p>\n\n\n\n<p>Y no solamente le restriega al gobierno actual y a los morenistas la amistad y lealtad que le guarda el Presidente Andr\u00e9s Manuel L\u00f3pez Obrador, sino que adem\u00e1s quedar\u00e1n impunes los delitos que se le han se\u00f1alado desde el propio gobierno surgido de Morena.<\/p>\n\n\n\n<p>Y no solamente tendr\u00e1 la impunidad garantizada por al menos seis a\u00f1os, pese a los desv\u00edos multimillonarios de los que se le acusa, as\u00ed como obras inconclusas, sino que se prepara adem\u00e1s de integrar a su gente cercana al equipo de gobierno de Claudia Sheinbaum, en caso de que gane las elecciones para la Presidencia de la Rep\u00fablica.<\/p>\n\n\n\n<p>DECISI\u00d3N FATAL<\/p>\n\n\n\n<p>Hondo cal\u00f3 entre los morenistas no s\u00f3lo de Oaxaca, sino de muchas partes del pa\u00eds, la determinaci\u00f3n de integrar a Alejandro Murat Hinojosa a la lista plurinominal al Senado, en el lugar n\u00famero 11, es decir, con ingreso garantizado.<\/p>\n\n\n\n<p>Horas antes, el hijo del ex gobernador Jos\u00e9 Murat sali\u00f3 irritado de las oficinas de Mario Delgado, al advertirle que no hab\u00eda nada seguro en su nominaci\u00f3n; tan irritado que no respondi\u00f3 a las preguntas de los periodistas.<\/p>\n\n\n\n<p>Hizo varias llamadas telef\u00f3nicas, entre ellas a su padre y a cercanos al Presidente y ya por la noche lleg\u00f3 sonriente con sus documentos en mano, para registrar su candidatura plurinominal. Y ahora s\u00ed, sonriente, respondi\u00f3 al medio informativo \u201cLa Jornada\u201d que va al Senado.<\/p>\n\n\n\n<p>Pero la sonrisa m\u00e1s que por el logro partidista, es en realidad por la impunidad que conseguir\u00e1 por seis a\u00f1os m\u00e1s. Es la burla hacia los morenistas aut\u00e9nticos, incluso hacia los fundadores del partido. Es el cinismo de quien como gobernador priista critic\u00f3 acremente a los de Morena e incluso, entre otros casos, llam\u00f3 miembros de la delincuencia organizada al cabildo de Juchit\u00e1n, que en ese entonces presid\u00eda Emilio Montero, hoy director general del IEEPO.<\/p>\n\n\n\n<p>Y PESE A TODO<\/p>\n\n\n\n<p>La lista de pendientes es larga para el originario del Estado de M\u00e9xico y de quien su padre movi\u00f3 todos los hilos oficiales, incluso modificar la Constituci\u00f3n Pol\u00edtica del estado, para que fuera gobernador.<\/p>\n\n\n\n<p>Le antecede el probable desv\u00edo de m\u00e1s de cinco mil millones de pesos, entregados a una empresa privada, cuando fue director general del Infonavit, cargo que le dio Enrique Pe\u00f1a Nieto como pago a uno de los favores pol\u00edticos de Jos\u00e9 Murat.<\/p>\n\n\n\n<p>Apenas a media semana pasada, el fiscal Anticorrupci\u00f3n de Oaxaca, Jorge Emilio Iruegas, record\u00f3 que hay por lo menos 17 ex funcionarios vinculados a proceso, de los cuales hay 10 detenidos, entre ellos el ex secretario de las Infraestructuras, el mexiquense Javier Lazcano; hay otras ocho \u00f3rdenes pendientes de ejecutar.<\/p>\n\n\n\n<p>Asimismo, revel\u00f3 que hay indagatorias en curso por el probable desv\u00edo de recursos p\u00fablicos en los Servicios de Salud, al no enterar impuestos a instituciones federales.<\/p>\n\n\n\n<p>A\u00fan m\u00e1s, en entrevista colectiva se le pregunt\u00f3 al fiscal Emilio Iruegas si hab\u00eda investigaci\u00f3n en contra de ex gobernadores y la respuesta fue s\u00ed, sin dar nombres.<\/p>\n\n\n\n<p>Hay que recordar \u2014para que no se pierda la memoria de qui\u00e9n es la nueva contrataci\u00f3n de Morena\u2014 que hay tres mil 500 millones de pesos no justificados adecuadamente en el sexenio muralista, millones de pesos destinados a obras p\u00fablicas que hoy son un monumento a la corrupci\u00f3n y a la impunidad.&nbsp;<\/p>\n\n\n\n<p>Apenas la semana pasada, el diario digital \u201cEme Equis\u201d, dio a conocer que la Auditor\u00eda Superior de la Federaci\u00f3n detect\u00f3 irregularidades del gobierno de Alejandro Murat al frente del estado de Oaxaca, a trav\u00e9s de una revisi\u00f3n al Fondo de Aportaciones para la N\u00f3mina Educativa y Gasto Federalizado.<\/p>\n\n\n\n<p>\u201cPor irregularidades en el pago a trabajadores muertos o no localizados, la ASF detect\u00f3 un probable da\u00f1o a la Hacienda P\u00fablica Federal por un total de 157 millones 530 mil pesos; de acuerdo con la Auditor\u00eda de Cumplimiento 1410, que forma parte de la tercera revisi\u00f3n a la Cuenta P\u00fablica del a\u00f1o 2022\u201d (<a href=\"https:\/\/m-x.com.mx\/al-dia\/murat-el-nuevo-aliado-de-amlo-pago-157-mdp-a-maestros-fantasma\/\">https:\/\/m-x.com.mx\/al-dia\/murat-el-nuevo-aliado-de-amlo-pago-157-mdp-a-maestros-fantasma\/<\/a>), refiere el medio informativo.<\/p>\n\n\n\n<p>REBELI\u00d3N<\/p>\n\n\n\n<p>A la vuelta de la esquina est\u00e1 una rebeli\u00f3n, que se ha gestado pr\u00e1cticamente desde el inicio del gobierno de L\u00f3pez Obrador, con John M. Ackermann, mediante la Convenci\u00f3n Nacional Morenista.<\/p>\n\n\n\n<p>Es cierto, no hay morenistas aut\u00e9nticos ni genuinos, pues el movimiento y el partido posteriormente fundado por L\u00f3pez Obrador, se nutri\u00f3 principalmente de militantes del PRD, ahora extinguidos, y ahora se llena de priistas.<\/p>\n\n\n\n<p>Pero los fundadores y los primeros que creyeron en el proyecto del ahora Presidente de la Rep\u00fablica, est\u00e1n irritados con las decisiones de la dirigencia de Morena, privilegiando las negociaciones del mandatario mexicano.<\/p>\n\n\n\n<p>Hay muchos ejemplos y estos son s\u00f3lo algunos: Javier Gu\u00edzar, dirigente del PRI en Jalisco, ahora es ferviente promotor de Claudia Sheinbaum;&nbsp; el panista Leoncio Mor\u00e1n se prepara para consolidar una curul; Isaac Pimentel, panista de Morelos, que tambi\u00e9n busca ser diputado.<\/p>\n\n\n\n<p>En Chiapas, el ex senador priista Roberto Albores; en Oaxaca, como ya dijimos, Alejandro Murat; en Chihuahua, el connotado panista Javier Corral, quien sigue los pasos de Manuel Espino\u2026<\/p>\n\n\n\n<p>\u00bfSer\u00e1 que al igual que lo cre\u00f3, L\u00f3pez Obrador ahora pretende desaparecer a Morena? Porque lo ha dicho ya veladamente.<\/p>\n\n\n\n<p>\u00bfClaudia Sheinbaum, tiene conocimiento sobre las injusticias a lxs compa\u00f1erxs de #morena en #Colima?\u201d, reclam\u00f3 apenas la semana pasada Griselda Mart\u00ednez, presidenta municipal de Manzanillo.<\/p>\n\n\n\n<p>\u201cMe parece que la lista de pluris de Morena al Congreso se bas\u00f3 en acuerdos cupulares. Adem\u00e1s, creo que fue un proceso opaco, lo que me genera dudas en torno a la aleatoriedad y los sorteos\u201d, dijo en sus redes sociales John Ackerman.<\/p>\n\n\n\n<p>Es importante distinguir que el secuestro del partido se dio en el 2019 cuando el&nbsp;<\/p>\n\n\n\n<p>@TEPJF_informa nos impuso a @mario_delgado como Presidente de #Morena\u201d, difundi\u00f3 la cuenta de X de la Convenci\u00f3n Nacional de Morena.<\/p>\n\n\n\n<p>\u201cEn todo el pa\u00eds hay una indignaci\u00f3n tremenda por la incorporaci\u00f3n de impresentables. El pueblo exige poner fin a las imposiciones y evitar que aquellos a quienes cost\u00f3 tanto sacar del poder sean ahora reincorporados por #Morena\u201d, escribi\u00f3 la colimense Griselda Mart\u00ednez.<\/p>\n\n\n\n<p>Pero el remate fatal lo pone la poblana Araceli Bautista:<\/p>\n\n\n\n<p>\u201c(Mario Delgado) Eres una persona que se esconde tras bambalinas, d\u00f3nde est\u00e1s; d\u00f3nde est\u00e1s Citlalli (Hern\u00e1ndez), se les olvid\u00f3 que aqu\u00ed est\u00e1 la verdadera militancia y est\u00e1n abri\u00e9ndole la puerta las puertas a todos los prianistas. \u00a1Qu\u00e9 verg\u00fcenza!&nbsp;<\/p>\n\n\n\n<p>\u201cQu\u00e9 verg\u00fcenza que para el 2024 nosotros, los verdaderos morenistas, tengamos que andar pidiendo el voto para un prianista. Lo voy a decir de una vez, as\u00ed como pas\u00f3 en Coahuila, \u00a1no vamos a pedir el voto para ning\u00fan chapul\u00edn! \u00a1No vamos a pedir el voto para ning\u00fan prianista! \u00a1Ni modo, si se pierde el pa\u00eds, ni modo Mario, t\u00fa ser\u00e1s el \u00fanico responsable de esto!\u201d.<\/p>\n","protected":false},"excerpt":{"rendered":"<p>Ismael Garc\u00eda M.\/Zona Roja. Oaxaca de Ju\u00e1rez, Oax., a 27 de febrero de 2024.- \u201cCasi&hellip;<\/p>\n","protected":false},"author":2,"featured_media":41735,"comment_status":"closed","ping_status":"open","sticky":false,"template":"","format":"standard","meta":{"_lmt_disableupdate":"","_lmt_disable":"","_jetpack_memberships_contains_paid_content":false,"footnotes":""},"categories":[456,109,48],"tags":[1353],"class_list":["post-65663","post","type-post","status-publish","format-standard","has-post-thumbnail","hentry","category-columna","category-minuto-a-minuto","category-zona-critica","tag-opinion-zona-critica"],"jetpack_featured_media_url":"https:\/\/zonaroja.com.mx\/wp-content\/uploads\/2022\/05\/Opinion-Ismael-Garcia-M.jpg","jetpack_sharing_enabled":true,"_links":{"self":[{"href":"https:\/\/zonaroja.com.mx\/index.php?rest_route=\/wp\/v2\/posts\/65663","targetHints":{"allow":["GET"]}}],"collection":[{"href":"https:\/\/zonaroja.com.mx\/index.php?rest_route=\/wp\/v2\/posts"}],"about":[{"href":"https:\/\/zonaroja.com.mx\/index.php?rest_route=\/wp\/v2\/types\/post"}],"author":[{"embeddable":true,"href":"https:\/\/zonaroja.com.mx\/index.php?rest_route=\/wp\/v2\/users\/2"}],"replies":[{"embeddable":true,"href":"https:\/\/zonaroja.com.mx\/index.php?rest_route=%2Fwp%2Fv2%2Fcomments&post=65663"}],"version-history":[{"count":1,"href":"https:\/\/zonaroja.com.mx\/index.php?rest_route=\/wp\/v2\/posts\/65663\/revisions"}],"predecessor-version":[{"id":65664,"href":"https:\/\/zonaroja.com.mx\/index.php?rest_route=\/wp\/v2\/posts\/65663\/revisions\/65664"}],"wp:featuredmedia":[{"embeddable":true,"href":"https:\/\/zonaroja.com.mx\/index.php?rest_route=\/wp\/v2\/media\/41735"}],"wp:attachment":[{"href":"https:\/\/zonaroja.com.mx\/index.php?rest_route=%2Fwp%2Fv2%2Fmedia&parent=65663"}],"wp:term":[{"taxonomy":"category","embeddable":true,"href":"https:\/\/zonaroja.com.mx\/index.php?rest_route=%2Fwp%2Fv2%2Fcategories&post=65663"},{"taxonomy":"post_tag","embeddable":true,"href":"https:\/\/zonaroja.com.mx\/index.php?rest_route=%2Fwp%2Fv2%2Ftags&post=65663"}],"curies":[{"name":"wp","href":"https:\/\/api.w.org\/{rel}","templated":true}]}}