{"id":6568,"date":"2019-12-11T08:56:04","date_gmt":"2019-12-11T14:56:04","guid":{"rendered":"http:\/\/www.zonaroja.com.mx\/?p=6568"},"modified":"2019-12-11T08:56:29","modified_gmt":"2019-12-11T14:56:29","slug":"demanda-seccion-22-justicia-para-profesor-asesinado-ayer-en-juchitan","status":"publish","type":"post","link":"https:\/\/zonaroja.com.mx\/?p=6568","title":{"rendered":"Demanda Secci\u00f3n 22 justicia para profesor asesinado ayer en Juchit\u00e1n"},"content":{"rendered":"\n<p>Redacci\u00f3n\/Zona\nRoja.<\/p>\n\n\n\n<p>Oaxaca\nde Ju\u00e1rez, Oax., 11 de diciembre de 2019.- La Secci\u00f3n 22 del Sindicato Nacional\nde Trabajadores de la Educaci\u00f3n (SNTE) exigi\u00f3 a la Fiscal\u00eda General del Estado\njusticia para el profesor Gabriel Altamirano Saynes, asesinado a balazos ayer\nen Juchit\u00e1n de Zaragoza.<\/p>\n\n\n\n<p>\u201cNuevamente\nla sangre, impunidad y cobard\u00eda enlutece (sic) las filas del Movimiento\nDemocr\u00e1tico de los Trabajadores de la Educaci\u00f3n de Oaxaca (MDTEO) con el\ncobarde asesinato de un compa\u00f1ero agremiado\u201d, difundi\u00f3 a trav\u00e9s de un\ncomunicado.<\/p>\n\n\n\n<p>Altamirano\nSaynes fue ultimado de balazos este martes alrededor de las 05:00 horas cuando\nsal\u00eda de su domicilio para dirigirse a su centro de trabajo; un sujeto le\ndispar\u00f3 directamente a la cabeza.<\/p>\n\n\n\n<p>El profesor pertenec\u00eda al Sector Juchit\u00e1n de la Regi\u00f3n del Istmo de Tehuantepec y se desempe\u00f1aba como maestro del nivel de Educaci\u00f3n F\u00edsica en la escuela primaria \u00abBenito Ju\u00e1rez\u00bb de San Dionisio del Mar, perteneciente a la Supervisi\u00f3n Escolar 43 con sede en Uni\u00f3n Hidalgo.<\/p>\n\n\n\n<figure class=\"wp-block-image\"><img decoding=\"async\" width=\"585\" height=\"1024\" src=\"http:\/\/www.zonaroja.com.mx\/wp-content\/uploads\/2019\/12\/Gabriel-Altamirano-Saynes-1-585x1024.jpg\" alt=\"\" class=\"wp-image-6569\" srcset=\"https:\/\/zonaroja.com.mx\/wp-content\/uploads\/2019\/12\/Gabriel-Altamirano-Saynes-1-585x1024.jpg 585w, https:\/\/zonaroja.com.mx\/wp-content\/uploads\/2019\/12\/Gabriel-Altamirano-Saynes-1-171x300.jpg 171w, https:\/\/zonaroja.com.mx\/wp-content\/uploads\/2019\/12\/Gabriel-Altamirano-Saynes-1-768x1344.jpg 768w, https:\/\/zonaroja.com.mx\/wp-content\/uploads\/2019\/12\/Gabriel-Altamirano-Saynes-1.jpg 1080w\" sizes=\"(max-width: 585px) 100vw, 585px\" \/><\/figure>\n\n\n\n<p>Adem\u00e1s,\n\u201cse desempe\u00f1aba activamente en la lucha de nuestro movimiento por la defensa de\nlos derechos laborales y la educaci\u00f3n p\u00fablica como Secretario General de la\nD-I-175, integrante de la Comisi\u00f3n de Honor y Justicia, de la Comisi\u00f3n Ampliada\ndel nivel de Educaci\u00f3n F\u00edsica y como Delegado a la Asamblea Nacional\nRepresentativa (ANR) de la CNTE.<\/p>\n\n\n\n<p>\u201cEstuvo\nen pie de lucha en la jornada del nivel de Educaci\u00f3n F\u00edsica con la toma del\ncrucero del Aeropuerto y en la mesa de negociaci\u00f3n con las autoridades\neducativas para exigir respuestas a las demandas de nuestros compa\u00f1eros. Fue\nsiempre aguerrido luchador desde nuestras filas\u201d, detall\u00f3 el magisterio.<\/p>\n\n\n\n<p>Por\nello, exigi\u00f3 al Gobierno del Estado, a la Fiscal\u00eda General del Estado de Oaxaca\ny a las autoridades regionales dar con los responsables materiales e\nintelectuales de este crimen para que sean castigados con todo el peso de la\nley.<\/p>\n\n\n\n<p>\u201cOtro\nasesinato m\u00e1s de maestros no debe quedar en el olvido e impune, por tal motivo\nratificamos que nuestras estrategias de lucha sabr\u00e1n manifestar en las calles\nnuestro repudio a este crimen que acab\u00f3 con la vida de nuestro compa\u00f1ero y dej\u00f3\nen la orfandad a su familia\u201d, recalc\u00f3.<\/p>\n","protected":false},"excerpt":{"rendered":"<p>Redacci\u00f3n\/Zona Roja. Oaxaca de Ju\u00e1rez, Oax., 11 de diciembre de 2019.- La Secci\u00f3n 22 del&hellip;<\/p>\n","protected":false},"author":2,"featured_media":6570,"comment_status":"closed","ping_status":"open","sticky":false,"template":"","format":"standard","meta":{"_lmt_disableupdate":"","_lmt_disable":"","_jetpack_memberships_contains_paid_content":false,"footnotes":""},"categories":[109,51],"tags":[1125,123],"class_list":["post-6568","post","type-post","status-publish","format-standard","has-post-thumbnail","hentry","category-minuto-a-minuto","category-zona-roja","tag-gabriel-altamirano-saynes","tag-juchitan-de-zaragoza"],"jetpack_featured_media_url":"https:\/\/zonaroja.com.mx\/wp-content\/uploads\/2019\/12\/Gabriel-Altamirano-Saynes-2.jpg","jetpack_sharing_enabled":true,"_links":{"self":[{"href":"https:\/\/zonaroja.com.mx\/index.php?rest_route=\/wp\/v2\/posts\/6568","targetHints":{"allow":["GET"]}}],"collection":[{"href":"https:\/\/zonaroja.com.mx\/index.php?rest_route=\/wp\/v2\/posts"}],"about":[{"href":"https:\/\/zonaroja.com.mx\/index.php?rest_route=\/wp\/v2\/types\/post"}],"author":[{"embeddable":true,"href":"https:\/\/zonaroja.com.mx\/index.php?rest_route=\/wp\/v2\/users\/2"}],"replies":[{"embeddable":true,"href":"https:\/\/zonaroja.com.mx\/index.php?rest_route=%2Fwp%2Fv2%2Fcomments&post=6568"}],"version-history":[{"count":1,"href":"https:\/\/zonaroja.com.mx\/index.php?rest_route=\/wp\/v2\/posts\/6568\/revisions"}],"predecessor-version":[{"id":6571,"href":"https:\/\/zonaroja.com.mx\/index.php?rest_route=\/wp\/v2\/posts\/6568\/revisions\/6571"}],"wp:featuredmedia":[{"embeddable":true,"href":"https:\/\/zonaroja.com.mx\/index.php?rest_route=\/wp\/v2\/media\/6570"}],"wp:attachment":[{"href":"https:\/\/zonaroja.com.mx\/index.php?rest_route=%2Fwp%2Fv2%2Fmedia&parent=6568"}],"wp:term":[{"taxonomy":"category","embeddable":true,"href":"https:\/\/zonaroja.com.mx\/index.php?rest_route=%2Fwp%2Fv2%2Fcategories&post=6568"},{"taxonomy":"post_tag","embeddable":true,"href":"https:\/\/zonaroja.com.mx\/index.php?rest_route=%2Fwp%2Fv2%2Ftags&post=6568"}],"curies":[{"name":"wp","href":"https:\/\/api.w.org\/{rel}","templated":true}]}}