{"id":65685,"date":"2024-02-26T18:21:40","date_gmt":"2024-02-27T00:21:40","guid":{"rendered":"http:\/\/www.zonaroja.com.mx\/?p=65685"},"modified":"2024-02-26T18:21:43","modified_gmt":"2024-02-27T00:21:43","slug":"congreso-de-oaxaca-pide-aplicar-ley-que-prohibe-transito-de-mototaxis-en-vias-estatales-y-federales","status":"publish","type":"post","link":"https:\/\/zonaroja.com.mx\/?p=65685","title":{"rendered":"Congreso de Oaxaca pide aplicar ley que proh\u00edbe tr\u00e1nsito de mototaxis en v\u00edas estatales y federales"},"content":{"rendered":"\n<p>Redacci\u00f3n\/Zona Roja.<\/p>\n\n\n\n<p>Oaxaca de Ju\u00e1rez, Oax., a 26 de febrero de 2024.- Para evitar poner en riesgo a las personas, el Congreso de Oaxaca exhorta a la Secretar\u00eda de Movilidad del Estado aplicar la ley que proh\u00edbe el tr\u00e1nsito de mototaxis en las v\u00edas primarias de comunicaci\u00f3n estatales y federales, as\u00ed como en los tramos carreteros en la entidad.<\/p>\n\n\n\n<p>Lo anterior, derivado de los accidentes ocurridos en los que han estado involucradas estas unidades de transporte p\u00fablico en las carreteras de Oaxaca, incluida la autopista a la regi\u00f3n de la Costa, en el tramo Barranca Larga-Ventanilla.<\/p>\n\n\n\n<p>Este exhorto presentado por las legisladoras y el legislador del Grupo Parlamentario del Partido de la Revoluci\u00f3n Democr\u00e1tica (PRD), y aprobado por el pleno de la 65 Legislatura local con 29 votos a favor, tiene la finalidad de que se garantice la seguridad de las y los usuarios de los mototaxis y de las dem\u00e1s personas que viajan en sus veh\u00edculos.<\/p>\n\n\n\n<p>El llamado a la Secretar\u00eda de Movilidad del Estado implica que esta dependencia gubernamental realice las acciones necesarias que hagan posible la aplicaci\u00f3n de las disposiciones legales que proh\u00edben el tr\u00e1nsito de mototaxis en las v\u00edas primarias de comunicaci\u00f3n estatales y federales, as\u00ed como en los tramos carreteros en Oaxaca.<\/p>\n\n\n\n<p>Estas disposiciones legales refieren al decreto 1731 aprobado por la entonces LXIV Legislatura local el 30 de septiembre de 2020, en el cual se reforma la Ley de Movilidad, misma que entr\u00f3 en vigor el 24 de octubre de ese a\u00f1o.<\/p>\n\n\n\n<p>En los art\u00edculos transitorios de dicho decreto, se estableci\u00f3 que los mototaxis continuar\u00e1n operando con las obligaciones y derechos que establece la ley y el reglamento en la materia, entre las cuales destacan que estas unidades no podr\u00e1n transitar fuera del territorio de la localidad para la que fue autorizado.<\/p>\n\n\n\n<p>Y las vialidades autorizadas por la Secretar\u00eda de Movilidad no deber\u00e1n ser las clasificadas como v\u00edas primarias ni tramos carreteros. \u201cAdem\u00e1s de lo anterior, trat\u00e1ndose de zonas conurbadas, el servicio de mototaxi se prestar\u00e1 exclusivamente en las colonias de la periferia\u201d, refiere el documento aprobado.<\/p>\n","protected":false},"excerpt":{"rendered":"<p>Redacci\u00f3n\/Zona Roja. Oaxaca de Ju\u00e1rez, Oax., a 26 de febrero de 2024.- Para evitar poner&hellip;<\/p>\n","protected":false},"author":2,"featured_media":65686,"comment_status":"closed","ping_status":"open","sticky":false,"template":"","format":"standard","meta":{"_lmt_disableupdate":"","_lmt_disable":"","_jetpack_memberships_contains_paid_content":false,"footnotes":""},"categories":[109,46],"tags":[2743],"class_list":["post-65685","post","type-post","status-publish","format-standard","has-post-thumbnail","hentry","category-minuto-a-minuto","category-zona-blanca","tag-65-legislatura-del-estado-de-oaxaca"],"jetpack_featured_media_url":"https:\/\/zonaroja.com.mx\/wp-content\/uploads\/2024\/02\/Captura-de-pantalla-532-copia.jpg","jetpack_sharing_enabled":true,"_links":{"self":[{"href":"https:\/\/zonaroja.com.mx\/index.php?rest_route=\/wp\/v2\/posts\/65685","targetHints":{"allow":["GET"]}}],"collection":[{"href":"https:\/\/zonaroja.com.mx\/index.php?rest_route=\/wp\/v2\/posts"}],"about":[{"href":"https:\/\/zonaroja.com.mx\/index.php?rest_route=\/wp\/v2\/types\/post"}],"author":[{"embeddable":true,"href":"https:\/\/zonaroja.com.mx\/index.php?rest_route=\/wp\/v2\/users\/2"}],"replies":[{"embeddable":true,"href":"https:\/\/zonaroja.com.mx\/index.php?rest_route=%2Fwp%2Fv2%2Fcomments&post=65685"}],"version-history":[{"count":1,"href":"https:\/\/zonaroja.com.mx\/index.php?rest_route=\/wp\/v2\/posts\/65685\/revisions"}],"predecessor-version":[{"id":65687,"href":"https:\/\/zonaroja.com.mx\/index.php?rest_route=\/wp\/v2\/posts\/65685\/revisions\/65687"}],"wp:featuredmedia":[{"embeddable":true,"href":"https:\/\/zonaroja.com.mx\/index.php?rest_route=\/wp\/v2\/media\/65686"}],"wp:attachment":[{"href":"https:\/\/zonaroja.com.mx\/index.php?rest_route=%2Fwp%2Fv2%2Fmedia&parent=65685"}],"wp:term":[{"taxonomy":"category","embeddable":true,"href":"https:\/\/zonaroja.com.mx\/index.php?rest_route=%2Fwp%2Fv2%2Fcategories&post=65685"},{"taxonomy":"post_tag","embeddable":true,"href":"https:\/\/zonaroja.com.mx\/index.php?rest_route=%2Fwp%2Fv2%2Ftags&post=65685"}],"curies":[{"name":"wp","href":"https:\/\/api.w.org\/{rel}","templated":true}]}}