{"id":65696,"date":"2024-02-26T21:31:25","date_gmt":"2024-02-27T03:31:25","guid":{"rendered":"http:\/\/www.zonaroja.com.mx\/?p=65696"},"modified":"2024-02-26T21:31:27","modified_gmt":"2024-02-27T03:31:27","slug":"asesinan-a-individuo-en-puerto-escondido-asalto-bancario-en-la-capital","status":"publish","type":"post","link":"https:\/\/zonaroja.com.mx\/?p=65696","title":{"rendered":"Asesinan a individuo en Puerto Escondido; asalto bancario en la capital"},"content":{"rendered":"\n<p>Raymundo Morales\/Zona Roja.<\/p>\n\n\n\n<p>Oaxaca de Ju\u00e1rez, Oax., a 26 de febrero de 2024.- Una persona del sexo masculino fue asesinada la ma\u00f1ana de hoy en el destino tur\u00edstico de Puerto Escondido, Oaxaca.<\/p>\n\n\n\n<p>La agresi\u00f3n armada ocurri\u00f3 en la calle 10 Norte del sector Reforma, donde fue localizado el cuerpo de la v\u00edctima con varios impactos de arma de fuego, y quien fue identificado como Daniel \u201cN\u201d.<\/p>\n\n\n\n<p>A falta de polic\u00edas municipales de San Pedro Mixtepec en la zona, no hay personas detenidas; del caso tom\u00f3 conocimiento la Fiscal\u00eda Regional de la Costa e inici\u00f3 las indagatorias correspondientes.<\/p>\n\n\n\n<p>EN OAXACA CAPITAL<\/p>\n\n\n\n<p>Por la ma\u00f1ana tambi\u00e9n, mientras afiliados a la Secci\u00f3n 22 del SNTE desquiciaban la ciudad, sujetos armados asaltaron a un cuentahabiente afuera de una sucursal bancaria de Santander, ubicada en la avenida Oaxaca, agencia de Santa Rosa Panzacola.<\/p>\n\n\n\n<p>Fue alrededor de las 10:00 horas en que al menos dos sujetos esperaban a la v\u00edctima en el estacionamiento, a quien la enca\u00f1onaron para quitarle el dinero en efectivo, que de manera preliminar se inform\u00f3 ser\u00edan alrededor de dos millones y medio de pesos.<\/p>\n\n\n\n<p>Tras ello huyeron por la carretera con rumbo a la zona poniente de la ciudad; ante la ausencia de polic\u00edas municipales, no pudieron detenerlos y, aunque supuestamente efectuaron operativos de b\u00fasqueda, no lograron resultados positivos.<\/p>\n\n\n\n<figure class=\"wp-block-image size-full\"><a href=\"http:\/\/www.zonaroja.com.mx\/wp-content\/uploads\/2024\/02\/Asalto-bancario-Santander.jpg\" data-rel=\"penci-gallery-image-content\" ><img decoding=\"async\" width=\"800\" height=\"800\" src=\"http:\/\/www.zonaroja.com.mx\/wp-content\/uploads\/2024\/02\/Asalto-bancario-Santander.jpg\" alt=\"\" class=\"wp-image-65697\" srcset=\"https:\/\/zonaroja.com.mx\/wp-content\/uploads\/2024\/02\/Asalto-bancario-Santander.jpg 800w, https:\/\/zonaroja.com.mx\/wp-content\/uploads\/2024\/02\/Asalto-bancario-Santander-300x300.jpg 300w, https:\/\/zonaroja.com.mx\/wp-content\/uploads\/2024\/02\/Asalto-bancario-Santander-150x150.jpg 150w, https:\/\/zonaroja.com.mx\/wp-content\/uploads\/2024\/02\/Asalto-bancario-Santander-768x768.jpg 768w, https:\/\/zonaroja.com.mx\/wp-content\/uploads\/2024\/02\/Asalto-bancario-Santander-585x585.jpg 585w, https:\/\/zonaroja.com.mx\/wp-content\/uploads\/2024\/02\/Asalto-bancario-Santander-640x640.jpg 640w\" sizes=\"(max-width: 800px) 100vw, 800px\" \/><\/a><\/figure>\n","protected":false},"excerpt":{"rendered":"<p>Raymundo Morales\/Zona Roja. Oaxaca de Ju\u00e1rez, Oax., a 26 de febrero de 2024.- Una persona&hellip;<\/p>\n","protected":false},"author":2,"featured_media":65698,"comment_status":"closed","ping_status":"open","sticky":false,"template":"","format":"standard","meta":{"_lmt_disableupdate":"","_lmt_disable":"","_jetpack_memberships_contains_paid_content":false,"footnotes":""},"categories":[109,51],"tags":[148],"class_list":["post-65696","post","type-post","status-publish","format-standard","has-post-thumbnail","hentry","category-minuto-a-minuto","category-zona-roja","tag-oaxaca-de-juarez"],"jetpack_featured_media_url":"https:\/\/zonaroja.com.mx\/wp-content\/uploads\/2024\/02\/Ejecutado-Puerto-Escondido-26-febrero.jpg","jetpack_sharing_enabled":true,"_links":{"self":[{"href":"https:\/\/zonaroja.com.mx\/index.php?rest_route=\/wp\/v2\/posts\/65696","targetHints":{"allow":["GET"]}}],"collection":[{"href":"https:\/\/zonaroja.com.mx\/index.php?rest_route=\/wp\/v2\/posts"}],"about":[{"href":"https:\/\/zonaroja.com.mx\/index.php?rest_route=\/wp\/v2\/types\/post"}],"author":[{"embeddable":true,"href":"https:\/\/zonaroja.com.mx\/index.php?rest_route=\/wp\/v2\/users\/2"}],"replies":[{"embeddable":true,"href":"https:\/\/zonaroja.com.mx\/index.php?rest_route=%2Fwp%2Fv2%2Fcomments&post=65696"}],"version-history":[{"count":1,"href":"https:\/\/zonaroja.com.mx\/index.php?rest_route=\/wp\/v2\/posts\/65696\/revisions"}],"predecessor-version":[{"id":65699,"href":"https:\/\/zonaroja.com.mx\/index.php?rest_route=\/wp\/v2\/posts\/65696\/revisions\/65699"}],"wp:featuredmedia":[{"embeddable":true,"href":"https:\/\/zonaroja.com.mx\/index.php?rest_route=\/wp\/v2\/media\/65698"}],"wp:attachment":[{"href":"https:\/\/zonaroja.com.mx\/index.php?rest_route=%2Fwp%2Fv2%2Fmedia&parent=65696"}],"wp:term":[{"taxonomy":"category","embeddable":true,"href":"https:\/\/zonaroja.com.mx\/index.php?rest_route=%2Fwp%2Fv2%2Fcategories&post=65696"},{"taxonomy":"post_tag","embeddable":true,"href":"https:\/\/zonaroja.com.mx\/index.php?rest_route=%2Fwp%2Fv2%2Ftags&post=65696"}],"curies":[{"name":"wp","href":"https:\/\/api.w.org\/{rel}","templated":true}]}}