{"id":65713,"date":"2024-02-27T09:30:00","date_gmt":"2024-02-27T15:30:00","guid":{"rendered":"http:\/\/www.zonaroja.com.mx\/?p=65713"},"modified":"2024-02-27T07:15:11","modified_gmt":"2024-02-27T13:15:11","slug":"oaxaca-el-estado-con-la-mayor-informalidad-al-cierre-de-2023-pero-bajo-en-pea-inegi","status":"publish","type":"post","link":"https:\/\/zonaroja.com.mx\/?p=65713","title":{"rendered":"Oaxaca, el estado con la mayor informalidad al cierre de 2023, pero baj\u00f3 en PEA: Inegi"},"content":{"rendered":"\n<p>Yuridiana Sosa\/Zona Roja.<\/p>\n\n\n\n<p>Oaxaca de Ju\u00e1rez, Oax., 27 de febrero de 2024.- Por tercer a\u00f1o consecutivo, la entidad oaxaque\u00f1a finaliz\u00f3 el ciclo anual con el mayor porcentaje del empleo informal en M\u00e9xico, con un 81.1 por ciento, se\u00f1al\u00f3 la Encuesta Nacional de Ocupaci\u00f3n y Empleo (ENOE).<\/p>\n\n\n\n<p>La encuesta desarrollada por el Instituto Nacional de Estad\u00edstica y Geograf\u00eda (INEGI), con datos del \u00faltimo trimestre del 2023, destac\u00f3 que Oaxaca se encuentra varios puntos por encima de Chiapas, la segunda entidad con m\u00e1s informalidad con 73.2 por ciento, seguido de Hidalgo, 71.8 por ciento.<\/p>\n\n\n\n<p>En tanto que la tasa de ocupaci\u00f3n, que representa a las personas que trabajaron en la semana anterior a la entrevista, o que no trabajaron, pero manten\u00edan un v\u00ednculo laboral con la unidad econ\u00f3mica para la que trabajan, mostr\u00f3 que el porcentaje de personas ocupadas fue superior en Oaxaca con un 98.5 por ciento; despu\u00e9s Campeche y Chiapas&nbsp; con el 98.3 por ciento, as\u00ed como Hidalgo, Morelos y Yucat\u00e1n con el 98.2 por ciento.<\/p>\n\n\n\n<p>Motivo por el cual, la desocupaci\u00f3n m\u00e1s baja se registr\u00f3 en Oaxaca con el 1.5 por ciento; en tanto que esta entidad ocupa el d\u00e9cimo lugar por las tasa m\u00e1s altas de condiciones cr\u00edticas de ocupaci\u00f3n en materia de ingresos y horas trabajadas, con el 32 por ciento.<\/p>\n\n\n\n<p>Respecto a las zonas metropolitanas estudiadas a nivel nacional, la de Oaxaca tambi\u00e9n sobresali\u00f3 en octavo lugar por tener una&nbsp; tasa de participaci\u00f3n superior a la del agregado con el 63.8 por ciento, as\u00ed como estas misma posici\u00f3n al registrar que el 9.4 por ciento de la poblaci\u00f3n ocupada&nbsp; declar\u00f3 tener necesidad y disponibilidad para trabajar m\u00e1s horas.<\/p>\n\n\n\n<p>Por tanto, Oaxaca de Ju\u00e1rez se coloc\u00f3 entre las urbanas con menor desocupaci\u00f3n y la segunda con los niveles m\u00e1s altos de ocupaci\u00f3n en la informalidad con el 59.9 por ciento, por debajo de Tlaxcala, con el 68.2 por ciento, y encima de Cuernavaca, con el&nbsp; 56.4 por ciento.<\/p>\n\n\n\n<p>LA REDUCCI\u00d3N<\/p>\n\n\n\n<p>Aunque la entidad destac\u00f3 en la ENOE, las cifras registradas representan una disminuci\u00f3n respecto al a\u00f1o anterior en este mismo periodo.<\/p>\n\n\n\n<p>En el cuarto trimestre de 2023 la Poblaci\u00f3n Econ\u00f3micamente Activa (PEA) fue de un mill\u00f3n 922 mil 767 personas, mientras que en 2022 fue de un mill\u00f3n 930 mil 924 personas.<\/p>\n\n\n\n<p>La poblaci\u00f3n ocupada fue de un mill\u00f3n 893 mil 143 ciudadanos, con una disminuci\u00f3n de 13 mil personas, respecto al mismo trimestre del a\u00f1o anterior.<\/p>\n\n\n\n<p>En tanto que la tasa de desocupaci\u00f3n fue de 1.5 en el cuarto trimestre de 2023, contra 1.3 del a\u00f1o anterior.<\/p>\n\n\n\n<p>Al cierre del 2023, la tasa de participaci\u00f3n econ\u00f3mica fue de 60.6&nbsp; por ciento de la poblaci\u00f3n en edad para trabajar, cifra menor en 1.1 puntos porcentuales a la del cuarto trimestre de 2022.<\/p>\n\n\n\n<p>La tasa de participaci\u00f3n econ\u00f3mica de hombres subi\u00f3 en 2.5 puntos porcentuales, siendo de 79.5 por ciento al finalizar el 2023, mientras que la femenina fue de&nbsp; 44.8 por ciento, menor en 4.1 puntos porcentuales a la del mismo trimestre del 2022.<\/p>\n","protected":false},"excerpt":{"rendered":"<p>Yuridiana Sosa\/Zona Roja. Oaxaca de Ju\u00e1rez, Oax., 27 de febrero de 2024.- Por tercer a\u00f1o&hellip;<\/p>\n","protected":false},"author":2,"featured_media":34845,"comment_status":"closed","ping_status":"open","sticky":false,"template":"","format":"standard","meta":{"_lmt_disableupdate":"","_lmt_disable":"","_jetpack_memberships_contains_paid_content":false,"footnotes":""},"categories":[109,46],"tags":[1702],"class_list":["post-65713","post","type-post","status-publish","format-standard","has-post-thumbnail","hentry","category-minuto-a-minuto","category-zona-blanca","tag-encuesta-nacional-de-ocupacion-y-empleo-enoe"],"jetpack_featured_media_url":"https:\/\/zonaroja.com.mx\/wp-content\/uploads\/2021\/11\/Empleo-oaxaca-Mexico.jpg","jetpack_sharing_enabled":true,"_links":{"self":[{"href":"https:\/\/zonaroja.com.mx\/index.php?rest_route=\/wp\/v2\/posts\/65713","targetHints":{"allow":["GET"]}}],"collection":[{"href":"https:\/\/zonaroja.com.mx\/index.php?rest_route=\/wp\/v2\/posts"}],"about":[{"href":"https:\/\/zonaroja.com.mx\/index.php?rest_route=\/wp\/v2\/types\/post"}],"author":[{"embeddable":true,"href":"https:\/\/zonaroja.com.mx\/index.php?rest_route=\/wp\/v2\/users\/2"}],"replies":[{"embeddable":true,"href":"https:\/\/zonaroja.com.mx\/index.php?rest_route=%2Fwp%2Fv2%2Fcomments&post=65713"}],"version-history":[{"count":1,"href":"https:\/\/zonaroja.com.mx\/index.php?rest_route=\/wp\/v2\/posts\/65713\/revisions"}],"predecessor-version":[{"id":65714,"href":"https:\/\/zonaroja.com.mx\/index.php?rest_route=\/wp\/v2\/posts\/65713\/revisions\/65714"}],"wp:featuredmedia":[{"embeddable":true,"href":"https:\/\/zonaroja.com.mx\/index.php?rest_route=\/wp\/v2\/media\/34845"}],"wp:attachment":[{"href":"https:\/\/zonaroja.com.mx\/index.php?rest_route=%2Fwp%2Fv2%2Fmedia&parent=65713"}],"wp:term":[{"taxonomy":"category","embeddable":true,"href":"https:\/\/zonaroja.com.mx\/index.php?rest_route=%2Fwp%2Fv2%2Fcategories&post=65713"},{"taxonomy":"post_tag","embeddable":true,"href":"https:\/\/zonaroja.com.mx\/index.php?rest_route=%2Fwp%2Fv2%2Ftags&post=65713"}],"curies":[{"name":"wp","href":"https:\/\/api.w.org\/{rel}","templated":true}]}}