{"id":65718,"date":"2024-02-27T10:37:00","date_gmt":"2024-02-27T16:37:00","guid":{"rendered":"http:\/\/www.zonaroja.com.mx\/?p=65718"},"modified":"2024-02-27T08:00:21","modified_gmt":"2024-02-27T14:00:21","slug":"reconoce-gobierno-de-oaxaca-que-hay-ocho-incendios-forestales","status":"publish","type":"post","link":"https:\/\/zonaroja.com.mx\/?p=65718","title":{"rendered":"Reconoce gobierno de Oaxaca que hay ocho incendios forestales"},"content":{"rendered":"\n<p>Redacci\u00f3n\/Zona Roja.<\/p>\n\n\n\n<p>Oaxaca de Ju\u00e1rez, Oax., a 27 de febrero de 2024.- El Gobierno del Estado de Oaxaca inform\u00f3 anoche, a trav\u00e9s de la Comisi\u00f3n Estatal Forestal (Coesfo), que se encuentran activos ocho incendios forestales en la entidad; tres en la regi\u00f3n Mixteca, dos en Valles Centrales, uno en la Sierra Sur, uno en la Sierra de Flores Mag\u00f3n y otro en el Istmo de Tehuantepec.<\/p>\n\n\n\n<p>Los incendios suscitados en la regi\u00f3n Mixteca se localizan en el municipio de San Mart\u00edn Huamel\u00falpam y en San Pedro y San Pablo Teposcolula. Ambos ya se encuentran controlados en su totalidad y con un avance del 80 por ciento en trabajos de liquidaci\u00f3n.<\/p>\n\n\n\n<p>El tercero se localiza en Santiago Juxtlahuaca, mismo que es monitoreado por personal del Departamento de Protecci\u00f3n y Vigilancia de la Coesfo, quienes eval\u00faan la seguridad en la zona antes de que ingrese personal combatiente.<\/p>\n\n\n\n<p>En cuanto a los originados en la regi\u00f3n de Valles Centrales, un incendio en San Miguel Peras es atendido desde la noche del domingo por personal perteneciente a la brigada de El Tequio Santa Cruz Xoxocotl\u00e1n, despu\u00e9s de recibir la notificaci\u00f3n de su reactivaci\u00f3n. El fuego ya est\u00e1 controlado en su totalidad y con un 80 por ciento en avances de liquidaci\u00f3n.<\/p>\n\n\n\n<p>Asimismo, la conflagraci\u00f3n originada en Santiago Suchilquitongo, es atendida por personal de la Comisi\u00f3n Nacional Forestal (Conafor) en coordinaci\u00f3n con comuneros de la localidad, quienes la reportan como controlada y con un avance del 10 por ciento en cuanto a trabajos de liquidaci\u00f3n.<\/p>\n\n\n\n<p>En la Sierra Sur contin\u00faa activo un siniestro originado en San Jos\u00e9 del Pe\u00f1asco el cual es atendido por personal de la Conafor y la Coesfo.<\/p>\n\n\n\n<p>De igual manera, en la Sierra de Flores Mag\u00f3n, personal combatiente de incendios forestales de la Coesfo con sede en San Juan Bautista Cuicatl\u00e1n atiende en Mazatl\u00e1n Villa de Flores un siniestro en el paraje Loma de Agua.<\/p>\n\n\n\n<p>Por \u00faltimo, el incendio forestal activo en la regi\u00f3n del Istmo se localiza en el municipio de San Miguel Chimalapa en donde lleg\u00f3 personal de la Conafor, quienes el d\u00eda de ayer, en coordinaci\u00f3n con la Direcci\u00f3n General del Hangar Oficial del Gobierno del Estado realizaron un sobrevuelo en la zona con la finalidad de evaluar el \u00e1rea afectada y realizar un plan de atenci\u00f3n.<\/p>\n\n\n\n<p>Adem\u00e1s, arrib\u00f3 al lugar personal combatiente de la Coesfo con sede en la localidad de Benito Ju\u00e1rez, del municipio de San Miguel Chimalapa, quienes realizar\u00e1n labores de combate.&nbsp;<\/p>\n\n\n\n<p>Ante la llegada de la temporada cr\u00edtica de incendios forestales, la Coesfo exhorta a la poblaci\u00f3n en general hacer uso correcto del fuego, evitar quemar basura cerca de zonas con cobertura vegetal o forestal y antes de realizar una quema agropecuaria avisar a su municipio.<\/p>\n\n\n\n<p>En caso de detectar un incendio forestal solicita reportarlo a los n\u00fameros telef\u00f3nicos 951 503 2166, 951 503 25 37 de la Coesfo, as\u00ed como al 951 516 51 12 de la Conafor o al 911.<\/p>\n","protected":false},"excerpt":{"rendered":"<p>Redacci\u00f3n\/Zona Roja. Oaxaca de Ju\u00e1rez, Oax., a 27 de febrero de 2024.- El Gobierno del&hellip;<\/p>\n","protected":false},"author":2,"featured_media":65703,"comment_status":"closed","ping_status":"open","sticky":false,"template":"","format":"standard","meta":{"_lmt_disableupdate":"","_lmt_disable":"","_jetpack_memberships_contains_paid_content":false,"footnotes":""},"categories":[109,47],"tags":[1256],"class_list":["post-65718","post","type-post","status-publish","format-standard","has-post-thumbnail","hentry","category-minuto-a-minuto","category-zona-gris","tag-incendios-forestales-oaxaca"],"jetpack_featured_media_url":"https:\/\/zonaroja.com.mx\/wp-content\/uploads\/2024\/02\/Incendios-Sierra-Sur.jpeg","jetpack_sharing_enabled":true,"_links":{"self":[{"href":"https:\/\/zonaroja.com.mx\/index.php?rest_route=\/wp\/v2\/posts\/65718","targetHints":{"allow":["GET"]}}],"collection":[{"href":"https:\/\/zonaroja.com.mx\/index.php?rest_route=\/wp\/v2\/posts"}],"about":[{"href":"https:\/\/zonaroja.com.mx\/index.php?rest_route=\/wp\/v2\/types\/post"}],"author":[{"embeddable":true,"href":"https:\/\/zonaroja.com.mx\/index.php?rest_route=\/wp\/v2\/users\/2"}],"replies":[{"embeddable":true,"href":"https:\/\/zonaroja.com.mx\/index.php?rest_route=%2Fwp%2Fv2%2Fcomments&post=65718"}],"version-history":[{"count":1,"href":"https:\/\/zonaroja.com.mx\/index.php?rest_route=\/wp\/v2\/posts\/65718\/revisions"}],"predecessor-version":[{"id":65719,"href":"https:\/\/zonaroja.com.mx\/index.php?rest_route=\/wp\/v2\/posts\/65718\/revisions\/65719"}],"wp:featuredmedia":[{"embeddable":true,"href":"https:\/\/zonaroja.com.mx\/index.php?rest_route=\/wp\/v2\/media\/65703"}],"wp:attachment":[{"href":"https:\/\/zonaroja.com.mx\/index.php?rest_route=%2Fwp%2Fv2%2Fmedia&parent=65718"}],"wp:term":[{"taxonomy":"category","embeddable":true,"href":"https:\/\/zonaroja.com.mx\/index.php?rest_route=%2Fwp%2Fv2%2Fcategories&post=65718"},{"taxonomy":"post_tag","embeddable":true,"href":"https:\/\/zonaroja.com.mx\/index.php?rest_route=%2Fwp%2Fv2%2Ftags&post=65718"}],"curies":[{"name":"wp","href":"https:\/\/api.w.org\/{rel}","templated":true}]}}