{"id":65727,"date":"2024-02-27T17:42:08","date_gmt":"2024-02-27T23:42:08","guid":{"rendered":"http:\/\/www.zonaroja.com.mx\/?p=65727"},"modified":"2024-02-27T17:46:06","modified_gmt":"2024-02-27T23:46:06","slug":"reitera-jara-cruz-que-no-habra-impunidad-en-delitos-cometidos-en-sexenio-de-murat","status":"publish","type":"post","link":"https:\/\/zonaroja.com.mx\/?p=65727","title":{"rendered":"Reitera Jara Cruz que no habr\u00e1 impunidad en delitos cometidos en sexenio de Murat"},"content":{"rendered":"\n<p>Yuridiana Sosa\/Zona Roja.<\/p>\n\n\n\n<p>Oaxaca de Ju\u00e1rez, Oax., 27 de febrero de 2024.- El gobernador de Oaxaca, Salom\u00f3n Jara Cruz, manifest\u00f3 su desaprobaci\u00f3n a la decisi\u00f3n del comit\u00e9 ejecutivo nacional de Morena en designar al ex priista Alejandro Murat Hinojosa al Senado, por la v\u00eda plurinominal.<\/p>\n\n\n\n<p>En conferencia de prensa de este martes, el mandatario morenista apunt\u00f3 que respeta la determinaci\u00f3n, pero no la comparte. \u201cYo tengo mi punto de vista, no la comparto, yo no soy el dirigente de Morena, no soy el que decide, en todo caso la poblaci\u00f3n ser\u00e1 la que de su \u00faltimo veredicto\u201d, expres\u00f3.<\/p>\n\n\n\n<p>Jara Cruz se\u00f1al\u00f3 que durante el mandato de Murat Hinojosa la gente no estuvo contenta y sobre las nuevas decisiones del partido, la poblaci\u00f3n tambi\u00e9n sabe que \u00e9l no est\u00e1 metido esos temas o tiene que ver con esa designaci\u00f3n.<\/p>\n\n\n\n<p>\u201cYa escucharon mi opini\u00f3n, no la comparto, es lo que puedo decir, y la respeto porque es una facultad del comit\u00e9\u201d, manifest\u00f3.<\/p>\n\n\n\n<p>Por lo que tambi\u00e9n indic\u00f3 que el dirigente nacional de Morena, Mario Delgado, debe dar claridad e informar sobre esa decisi\u00f3n.<\/p>\n\n\n\n<p>\u201cPues s\u00ed, los chapulines no son buenos\u2026esos son chapulines del Estado de M\u00e9xico,&nbsp; no de Oaxaca\u201d, expres\u00f3.<\/p>\n\n\n\n<p>SIN CAMBIOS<\/p>\n\n\n\n<p>El gobernador morenista asever\u00f3 que las determinaciones del partido respecto al ex gobernador de Oaxaca no cambiar\u00e1n la pol\u00edtica de trabajo de su administraci\u00f3n respecto a que no habr\u00e1 impunidad sobre los agravios cometidos por el anterior gobierno del estado.<\/p>\n\n\n\n<p>\u201cEstamos trabajando y estamos transparentando todo lo que se est\u00e1 haciendo en este gobierno, nada hemos ocultado\u201d, puntualiz\u00f3.<\/p>\n\n\n\n<p>Jara Cruz dijo: \u201cNosotros no nos vamos a quedar cruzados de brazos, vamos a seguir, estos delitos no prescriben, tanto la Secretar\u00eda de Honestidad como la Fiscal\u00eda de Oaxaca est\u00e1n trabajando\u201d.<\/p>\n\n\n\n<p>Por lo que recalc\u00f3 que en Oaxaca no habr\u00e1 impunidad, \u201cnosotros no vamos a proteger a nadie y vamos a seguir trabajando para recuperar los bienes del pueblo\u201d.&nbsp;<\/p>\n","protected":false},"excerpt":{"rendered":"<p>Yuridiana Sosa\/Zona Roja. Oaxaca de Ju\u00e1rez, Oax., 27 de febrero de 2024.- El gobernador de&hellip;<\/p>\n","protected":false},"author":2,"featured_media":65728,"comment_status":"closed","ping_status":"open","sticky":false,"template":"","format":"standard","meta":{"_lmt_disableupdate":"","_lmt_disable":"","_jetpack_memberships_contains_paid_content":false,"footnotes":""},"categories":[109,47],"tags":[939],"class_list":["post-65727","post","type-post","status-publish","format-standard","has-post-thumbnail","hentry","category-minuto-a-minuto","category-zona-gris","tag-salomon-jara-cruz"],"jetpack_featured_media_url":"https:\/\/zonaroja.com.mx\/wp-content\/uploads\/2024\/02\/Salomon-Jara-conferenca-de-prensa.jpg","jetpack_sharing_enabled":true,"_links":{"self":[{"href":"https:\/\/zonaroja.com.mx\/index.php?rest_route=\/wp\/v2\/posts\/65727","targetHints":{"allow":["GET"]}}],"collection":[{"href":"https:\/\/zonaroja.com.mx\/index.php?rest_route=\/wp\/v2\/posts"}],"about":[{"href":"https:\/\/zonaroja.com.mx\/index.php?rest_route=\/wp\/v2\/types\/post"}],"author":[{"embeddable":true,"href":"https:\/\/zonaroja.com.mx\/index.php?rest_route=\/wp\/v2\/users\/2"}],"replies":[{"embeddable":true,"href":"https:\/\/zonaroja.com.mx\/index.php?rest_route=%2Fwp%2Fv2%2Fcomments&post=65727"}],"version-history":[{"count":1,"href":"https:\/\/zonaroja.com.mx\/index.php?rest_route=\/wp\/v2\/posts\/65727\/revisions"}],"predecessor-version":[{"id":65729,"href":"https:\/\/zonaroja.com.mx\/index.php?rest_route=\/wp\/v2\/posts\/65727\/revisions\/65729"}],"wp:featuredmedia":[{"embeddable":true,"href":"https:\/\/zonaroja.com.mx\/index.php?rest_route=\/wp\/v2\/media\/65728"}],"wp:attachment":[{"href":"https:\/\/zonaroja.com.mx\/index.php?rest_route=%2Fwp%2Fv2%2Fmedia&parent=65727"}],"wp:term":[{"taxonomy":"category","embeddable":true,"href":"https:\/\/zonaroja.com.mx\/index.php?rest_route=%2Fwp%2Fv2%2Fcategories&post=65727"},{"taxonomy":"post_tag","embeddable":true,"href":"https:\/\/zonaroja.com.mx\/index.php?rest_route=%2Fwp%2Fv2%2Ftags&post=65727"}],"curies":[{"name":"wp","href":"https:\/\/api.w.org\/{rel}","templated":true}]}}