{"id":6573,"date":"2019-12-11T13:55:25","date_gmt":"2019-12-11T19:55:25","guid":{"rendered":"https:\/\/www.zonaroja.com.mx\/?p=6573"},"modified":"2019-12-11T13:55:38","modified_gmt":"2019-12-11T19:55:38","slug":"sin-rastro-de-peregrino-y-devoto-de-la-virgen-de-juquila-desaparecido-en-oaxaca","status":"publish","type":"post","link":"https:\/\/zonaroja.com.mx\/?p=6573","title":{"rendered":"Sin rastro de peregrino y devoto de la virgen de Juquila desaparecido en Oaxaca"},"content":{"rendered":"\n<p>Evlin Arag\u00f3n\/Zona Roja.&nbsp;<\/p>\n\n\n\n<p>Oaxaca de Ju\u00e1rez, Oax., 11 de diciembre de 2019.- Motivado por su fe, el&nbsp;pasado 24 de noviembre Maurilio Gonz\u00e1lez Castro decidi\u00f3 \u2013como cada a\u00f1o- salir de la Ciudad de M\u00e9xico rumbo al santuario de la virgen de Juquila ubicado en la entidad oaxaque\u00f1a, pero no volvi\u00f3 m\u00e1s.&nbsp;<\/p>\n\n\n\n<p>De acuerdo con su familia, fue en territorio oaxaque\u00f1o que el abogado de profesi\u00f3n y devoto de la virgen de Juquila desapareci\u00f3, dado que en su \u00faltimo contacto telef\u00f3nico asegur\u00f3 encontrarse cerca del santuario.<\/p>\n\n\n\n<p>Siin embargo, un bloqueo carretero -derivado del conflicto entre Santa Catarina Juquila y Santiago Yaitepec, le imped\u00eda llegar en su unidad vehicular; posteriormente un ataque armado se registr\u00f3 en el lugar.<\/p>\n\n\n\n<p>Fue lo \u00faltimo que se supo del abogado, cuya se\u00f1a particular de acuerdo con la ficha de b\u00fasqueda emitida, es la par\u00e1lisis facial que le aqueja y un lunar rojo a la altura de la nariz que le caracteriza, de acuerdo a su familia que lo vio por \u00faltima vez al salir de su domicilio en la alcald\u00eda de Xochimilco, de la Ciudad de M\u00e9xico.<\/p>\n\n\n\n<p>Su familia desesperada ha utilizado las redes sociales y los medios de comunicaci\u00f3n para mantener la b\u00fasqueda del peregrino y devoto de la virgen de Juquila desaparecido, debido a que las autoridades de la Ciudad de M\u00e9xico y Oaxaca no han dado respuesta en torno a su paradero.&nbsp;<\/p>\n\n\n\n<p>P\u00e1ginas de Facebook como Desaparecidos M\u00e9xico, No localizados Fiscal\u00eda y Oaxaca Informada, entre otras han difundido la ficha de b\u00fasqueda del individuo, as\u00ed como las publicaciones realizadas por sus familiares en la que solicitan ayuda para dar con su paradero.<\/p>\n\n\n\n<p>\u201cHola amigos necesito su ayuda. Desde el d\u00eda domingo 24\/11 no sabemos nada de mi pap\u00e1. Iba en camino a Juquila, Oaxaca. Su auto se encontr\u00f3 en Juquila abandonado. Si alguien tiene familiares o amigos en Oaxaca que me ayuden a compartir ser\u00eda de gran ayuda. Por favor\u201d, cita en su cuenta de Facebook Claudia Gonz\u00e1lez hija del abogado desaparecido.<\/p>\n\n\n\n<p>La publicaci\u00f3n que fue compartida por varias personas, dio conocimiento del tema en las redes sociales en donde se expreso que Maurilio Gonz\u00e1lez Castro, se caracteriza por ser buen hijo, hermano, esposo, padre y amigo, exhortando a la poblaci\u00f3n a colaborar en su b\u00fasqueda.&nbsp;<\/p>\n\n\n\n<p>Recientemente Esperanza Peralta, esposa del abogado, confirm\u00f3 ante una televisora nacional que la \u00faltima comunicaci\u00f3n que se tuvo con \u00e9l confirm\u00f3 que se encontraba en territorio oaxaque\u00f1o.<\/p>\n\n\n\n<p>Sin embargo, un bloqueo carretero lo manten\u00eda a unos 20 kil\u00f3metros del santuario de Juquila por lo que dej\u00f3 su veh\u00edculo estacionado y se desconoce si camino o busco el apoyo de otro tipo de transporte para continuar su camino.<\/p>\n\n\n\n<p>\u201cMi esposo era un peregrino m\u00e1s, devoto de la virgen de Juquila, por favor se los suplico, es una llamada de auxilio quiero encontrar a mi esposo, quiero saber en donde esta mi esposo, cualquier persona que se comunique con nosotros\u201d, dijo en entrevista.&nbsp;<\/p>\n\n\n\n<p>De acuerdo con los reportes hemerogr\u00e1ficos, fue el fin de semana en que el peregrino desapareci\u00f3, que se registr\u00f3 una incursi\u00f3n armada en \u201cEl Pedimento\u201d, luego de que supuestos&nbsp;pobladores de Santiago Yaitepec anunciaran un bloqueo carretero por 48 horas&nbsp;bajo el pretexto de realizar un \u201ctequio general\u201d, situaci\u00f3n que mantiene en la zozobra a la familia de Maurilio Gonz\u00e1lez Castro sobre su paradero.<\/p>\n","protected":false},"excerpt":{"rendered":"<p>Evlin Arag\u00f3n\/Zona Roja.&nbsp; Oaxaca de Ju\u00e1rez, Oax., 11 de diciembre de 2019.- Motivado por su&hellip;<\/p>\n","protected":false},"author":2,"featured_media":6572,"comment_status":"closed","ping_status":"open","sticky":false,"template":"","format":"standard","meta":{"_lmt_disableupdate":"","_lmt_disable":"","_jetpack_memberships_contains_paid_content":false,"footnotes":""},"categories":[109,47],"tags":[1126,545],"class_list":["post-6573","post","type-post","status-publish","format-standard","has-post-thumbnail","hentry","category-minuto-a-minuto","category-zona-gris","tag-maurilio-gonzalez-castro","tag-santa-catarina-juquila"],"jetpack_featured_media_url":"https:\/\/zonaroja.com.mx\/wp-content\/uploads\/2019\/12\/img_7947.jpg","jetpack_sharing_enabled":true,"_links":{"self":[{"href":"https:\/\/zonaroja.com.mx\/index.php?rest_route=\/wp\/v2\/posts\/6573","targetHints":{"allow":["GET"]}}],"collection":[{"href":"https:\/\/zonaroja.com.mx\/index.php?rest_route=\/wp\/v2\/posts"}],"about":[{"href":"https:\/\/zonaroja.com.mx\/index.php?rest_route=\/wp\/v2\/types\/post"}],"author":[{"embeddable":true,"href":"https:\/\/zonaroja.com.mx\/index.php?rest_route=\/wp\/v2\/users\/2"}],"replies":[{"embeddable":true,"href":"https:\/\/zonaroja.com.mx\/index.php?rest_route=%2Fwp%2Fv2%2Fcomments&post=6573"}],"version-history":[{"count":1,"href":"https:\/\/zonaroja.com.mx\/index.php?rest_route=\/wp\/v2\/posts\/6573\/revisions"}],"predecessor-version":[{"id":6574,"href":"https:\/\/zonaroja.com.mx\/index.php?rest_route=\/wp\/v2\/posts\/6573\/revisions\/6574"}],"wp:featuredmedia":[{"embeddable":true,"href":"https:\/\/zonaroja.com.mx\/index.php?rest_route=\/wp\/v2\/media\/6572"}],"wp:attachment":[{"href":"https:\/\/zonaroja.com.mx\/index.php?rest_route=%2Fwp%2Fv2%2Fmedia&parent=6573"}],"wp:term":[{"taxonomy":"category","embeddable":true,"href":"https:\/\/zonaroja.com.mx\/index.php?rest_route=%2Fwp%2Fv2%2Fcategories&post=6573"},{"taxonomy":"post_tag","embeddable":true,"href":"https:\/\/zonaroja.com.mx\/index.php?rest_route=%2Fwp%2Fv2%2Ftags&post=6573"}],"curies":[{"name":"wp","href":"https:\/\/api.w.org\/{rel}","templated":true}]}}