{"id":65730,"date":"2024-02-27T19:34:37","date_gmt":"2024-02-28T01:34:37","guid":{"rendered":"http:\/\/www.zonaroja.com.mx\/?p=65730"},"modified":"2024-02-27T19:34:40","modified_gmt":"2024-02-28T01:34:40","slug":"reclaman-bases-a-dirigencia-de-seccion-22-snte-incapacidad-para-resolver-demandas","status":"publish","type":"post","link":"https:\/\/zonaroja.com.mx\/?p=65730","title":{"rendered":"Reclaman bases a dirigencia de Secci\u00f3n 22 SNTE incapacidad para resolver demandas"},"content":{"rendered":"\n<p>Yuridiana Sosa\/Zona Roja.<\/p>\n\n\n\n<p>Oaxaca de Ju\u00e1rez, Oax., 27 de febrero de 2024.- Cansados de movilizaciones improvisadas y sin resultados, las bases de la Secci\u00f3n 22 del SNTE reclamaron a la Comisi\u00f3n Pol\u00edtica que encabeza Yenny Araceli P\u00e9rez Mart\u00ednez, las estrategias, las cuales tambi\u00e9n apuntan una \u201centrega al estado\u201d.<\/p>\n\n\n\n<p>Durante la manifestaci\u00f3n de ayer en la regi\u00f3n del Istmo, por la visita del Presidente Andr\u00e9s Manuel L\u00f3pez Obrador a Salina Cruz, los trabajadores de la educaci\u00f3n encararon a la secretaria general e integrantes de la dirigencia para que explicaran los resultados logrados y las decisiones contra la pol\u00edtica del gremio.<\/p>\n\n\n\n<p>De acuerdo al reclamo, la convocatoria de ayer lunes a nivel estatal \u201cfue sacada de la manga\u201d, pues la Asamblea Estatal s\u00f3lo defini\u00f3 la movilizaci\u00f3n de Valles Centrales, &nbsp;por lo que al menos exig\u00edan resultados favorables.<\/p>\n\n\n\n<p>Adem\u00e1s, la jornada para la regi\u00f3n del Istmo se hab\u00eda previsto para tres d\u00edas, pero finalmente la comisi\u00f3n pol\u00edtica la redujo a uno ante las respuestas del gobierno del estado a pesar que fue insuficiente.<\/p>\n\n\n\n<p>Las molestias contra la dirigencia que encabeza P\u00e9rez Mart\u00ednez se han acumulado al paso de los meses y las \u00faltimas fueron el detonante.<\/p>\n\n\n\n<p>\u201cEs lamentable que la comisi\u00f3n pol\u00edtica haya ido a la regi\u00f3n de la Costa, por la inauguraci\u00f3n de la autopista para solicitar una pl\u00e1tica. Jam\u00e1s en la historia del movimiento la Comisi\u00f3n Pol\u00edtica en la dirigencia de la secci\u00f3n 22, ha ido a hacer m\u00e9ritos\u201d, se escuch\u00f3 entre los reclamos.<\/p>\n\n\n\n<p>\u201cNo tenemos que estar mendigando la mesa, &nbsp;la mesa la mesa se tiene que dar con la movilizaci\u00f3n &nbsp;pol\u00edtica, no hay m\u00e1s\u201d, aseveraron las bases.<\/p>\n\n\n\n<p>Sobre la m\u00e1s reciente exigencia, para la entrega de vales de uniformes escolares, los docentes recordaron a la dirigencia que esos vales son un logro de la lucha del 2006, por lo que es un compromiso con el gobierno del estado, no con el federal.<\/p>\n\n\n\n<p>\u201cPor eso es importante que exijamos a la Comisi\u00f3n pol\u00edtica que asuma su responsabilidad pol\u00edtica, porque somos un movimiento grande, por lo tanto se debe de respetar\u201d, apuntaron.<\/p>\n\n\n\n<p>Entre las mayores inconformidades de este lunes fue que el IEEPO ofreci\u00f3 300 pesos en vales de uniformes, de los 810 pesos que se deben, sin embargo, la dirigencia decidi\u00f3 con eso desactivar los bloqueos.<\/p>\n\n\n\n<p>\u201cNo podemos decirle a sus padres de familias que de los 810 pesos de vales solo se lograron 300 pesos con la movilizaci\u00f3n\u2026 No podemos permitir que la Comisi\u00f3n pol\u00edtica nos diga que el gobierno estatal les ofrece nada m\u00e1s 300 pesos, en otro momento hist\u00f3rico eso hubiera sido suficiente para convocar a paro indefinido, a jornada de lucha y movilizaci\u00f3n contundente\u201d, argumentaron los inconformes.<\/p>\n\n\n\n<p>Incluso, manifestaron su frustraci\u00f3n de no conseguir lo suficiente y haber desaprovechado la oportunidad de una movilizaci\u00f3n mayor en la regi\u00f3n del Istmo, que pudo llegar hasta impedir la llegada del presidente L\u00f3pez Obrador a Salina Cruz.<\/p>\n\n\n\n<p>Por ello, entre las bases se propuso que las elecciones \u201ces el espacio para que este movimiento marque todos los pendientes\u201d y se movilice.<\/p>\n\n\n\n<p>EXIGEN EXPLICACIONES<\/p>\n\n\n\n<p>Los docentes cuestionaron a la Comisi\u00f3n Pol\u00edtica si logr\u00f3 realmente resultados o una entrevista con el Presidente de M\u00e9xico, pues cada vez son m\u00e1s cre\u00edbles los rumores sobre una entrega del movimiento al Estado.<\/p>\n\n\n\n<p>\u201cRealmente pudieron enlazarte con el Presidente de la Rep\u00fablica, porque si no una vez m\u00e1s fuimos burlados y tuvimos la oportunidad como regi\u00f3n del Istmo de accionar contundentemente en Salina cruz e incluso no permitir que Andr\u00e9s Manuel pisara &nbsp;Salimos Cruz pero eso queremos que nos explique\u201d, reclamaron.<\/p>\n\n\n\n<p>Ante los reclamos, poco pudieron expresar los integrantes de la Comisi\u00f3n Pol\u00edtica durante el encuentro informal en uno de los bloqueos.<\/p>\n\n\n\n<p>CONTRAPARTE<\/p>\n\n\n\n<p>Tras la mega movilizaci\u00f3n estatal de este lunes por parte de la Secci\u00f3n 22 del Sindicato Nacional de Trabajadores de la Educaci\u00f3n (SNTE), el gobernador de Oaxaca, Salom\u00f3n Jara Cruz asever\u00f3 que pese a las atenciones y soluci\u00f3n a la mayor\u00eda de sus demandas, el magisterio muestra una postura radical.<\/p>\n\n\n\n<p>El mandatario estatal expres\u00f3 su desacuerdo con la manifestaci\u00f3n masiva durante la visita del presidente Andr\u00e9s Manuel L\u00f3pez Obrador a Salina Cruz, pues asegur\u00f3 que el gobierno federal y estatal siempre han mostrado disposici\u00f3n al di\u00e1logo y se han resuelto el 95 por ciento de sus demandas.<\/p>\n\n\n\n<p>\u201cNunca se le da la espalda al movimiento y ahora hay una posici\u00f3n radical en el magisterio, que toman como bandera la entrega de uniformes\u201d, enfatiz\u00f3 Jara Cruz en conferencia de prensa de este martes.<\/p>\n\n\n\n<p>El gobernador reconoci\u00f3 que hacen falta algunos puntos por resolver, pero en lo que referente a su movimiento magisterial hay respeto, solidaridad y no se les ha criminalizado. \u201cSi hacen falta algunas cosas, pero ahora no se criminaliza, no se encarcela, no se les ha reprimido\u201d.<\/p>\n\n\n\n<p>Ante la demanda del magisterio por una mesa de di\u00e1logo nacional, el presidente L\u00f3pez Obrador accedi\u00f3 a una reuni\u00f3n en 15 d\u00edas, aproximadamente, como lo ha hecho en diversas ocasiones.<\/p>\n\n\n\n<p>Por otra parte el presidente, dijo, ha demandado al magisterio a ser puntuales con los temas por los que est\u00e1n inconformes con la Reforma Educativa, pues s\u00f3lo manifiestan inconformidad sin precisar los puntos y se analicen soluciones sobre sus peticiones.<\/p>\n\n\n\n<p>El gobernador de Oaxaca defendi\u00f3 las atenciones que el gobierno federal ha mantenido con la Secci\u00f3n 22 del SNTE, y en ese sentido recalc\u00f3 el compromiso del mandatario nacional por seguir haci\u00e9ndolo.<\/p>\n\n\n\n<p>\u201cSiempre hemos dialogado con los maestros, tuvimos una reuni\u00f3n con el presidente de la Rep\u00fablica el a\u00f1o pasado y se acord\u00f3 la mesa nacional\u2026Quiero expresar que de los temas que presentan los maestros, el 95 por ciento est\u00e1n resueltos y hay un tema que tienen que ver con la ley del ISSSTE y otro con la reforma educativa\u201d.<\/p>\n\n\n\n<p>Incluso record\u00f3 que L\u00f3pez Obrador ha expresado siempre su solidaridad con el movimiento, como lo fue con la detenci\u00f3n del ex dirigente Rub\u00e9n N\u00fa\u00f1ez e incluso cuando los traicionaron, como lo hizo, dijo, el ex gobernador Gabino Cu\u00e9, por lo que no se entend\u00eda su postura actual.<\/p>\n","protected":false},"excerpt":{"rendered":"<p>Yuridiana Sosa\/Zona Roja. Oaxaca de Ju\u00e1rez, Oax., 27 de febrero de 2024.- Cansados de movilizaciones&hellip;<\/p>\n","protected":false},"author":2,"featured_media":65731,"comment_status":"closed","ping_status":"open","sticky":false,"template":"","format":"standard","meta":{"_lmt_disableupdate":"","_lmt_disable":"","_jetpack_memberships_contains_paid_content":false,"footnotes":""},"categories":[109,47],"tags":[312],"class_list":["post-65730","post","type-post","status-publish","format-standard","has-post-thumbnail","hentry","category-minuto-a-minuto","category-zona-gris","tag-seccion-22-del-snte"],"jetpack_featured_media_url":"https:\/\/zonaroja.com.mx\/wp-content\/uploads\/2024\/02\/Seccion-22-del-SNTE-conferencia.png","jetpack_sharing_enabled":true,"_links":{"self":[{"href":"https:\/\/zonaroja.com.mx\/index.php?rest_route=\/wp\/v2\/posts\/65730","targetHints":{"allow":["GET"]}}],"collection":[{"href":"https:\/\/zonaroja.com.mx\/index.php?rest_route=\/wp\/v2\/posts"}],"about":[{"href":"https:\/\/zonaroja.com.mx\/index.php?rest_route=\/wp\/v2\/types\/post"}],"author":[{"embeddable":true,"href":"https:\/\/zonaroja.com.mx\/index.php?rest_route=\/wp\/v2\/users\/2"}],"replies":[{"embeddable":true,"href":"https:\/\/zonaroja.com.mx\/index.php?rest_route=%2Fwp%2Fv2%2Fcomments&post=65730"}],"version-history":[{"count":1,"href":"https:\/\/zonaroja.com.mx\/index.php?rest_route=\/wp\/v2\/posts\/65730\/revisions"}],"predecessor-version":[{"id":65732,"href":"https:\/\/zonaroja.com.mx\/index.php?rest_route=\/wp\/v2\/posts\/65730\/revisions\/65732"}],"wp:featuredmedia":[{"embeddable":true,"href":"https:\/\/zonaroja.com.mx\/index.php?rest_route=\/wp\/v2\/media\/65731"}],"wp:attachment":[{"href":"https:\/\/zonaroja.com.mx\/index.php?rest_route=%2Fwp%2Fv2%2Fmedia&parent=65730"}],"wp:term":[{"taxonomy":"category","embeddable":true,"href":"https:\/\/zonaroja.com.mx\/index.php?rest_route=%2Fwp%2Fv2%2Fcategories&post=65730"},{"taxonomy":"post_tag","embeddable":true,"href":"https:\/\/zonaroja.com.mx\/index.php?rest_route=%2Fwp%2Fv2%2Ftags&post=65730"}],"curies":[{"name":"wp","href":"https:\/\/api.w.org\/{rel}","templated":true}]}}