{"id":65733,"date":"2024-02-27T20:23:34","date_gmt":"2024-02-28T02:23:34","guid":{"rendered":"http:\/\/www.zonaroja.com.mx\/?p=65733"},"modified":"2024-02-27T20:23:36","modified_gmt":"2024-02-28T02:23:36","slug":"vive-oaxaca-otro-dia-de-caos-ahora-por-organizaciones-sociales","status":"publish","type":"post","link":"https:\/\/zonaroja.com.mx\/?p=65733","title":{"rendered":"Vive Oaxaca otro d\u00eda de caos, ahora por organizaciones sociales"},"content":{"rendered":"\n<p>Ismael Garc\u00eda M.\/Zona Roja.<\/p>\n\n\n\n<p>Oaxaca de Ju\u00e1rez, Oax., a 27 de febrero de 2024.- Por segundo d\u00eda consecutivo, Oaxaca vivi\u00f3 un d\u00eda ca\u00f3tico, con bloqueos en carreteras de diversas regiones del estado y m\u00faltiples protestas en la ciudad de Oaxaca.<\/p>\n\n\n\n<p>La principal y mayoritaria movilizaci\u00f3n la movilizaron militantes del Frente Popular Revolucionario (FPR), que acarrearon gente de varias regiones, principalmente de Miahuatl\u00e1n de Porfirio D\u00edaz, donde gobierna uno de sus integrantes, Jos\u00e9 Alberto Mart\u00ednez, hijo de Tom\u00e1s Mart\u00ednez, dirigente asesinado a balazos hace cuatro a\u00f1os.<\/p>\n\n\n\n<p>Un numeroso contingente protest\u00f3 en el exterior de las oficinas de Bienestar Oaxaca y de la Secretar\u00eda de las Infraestructuras y Comunicaciones federal, en la carretera Oaxaca-Istmo, crucero donde antiguamente se ubicaban las oficinas del IEEPO.<\/p>\n\n\n\n<p>Alrededor de las 10:00 horas cerraron el paso vehicular en la zona y se retiraron despu\u00e9s del mediod\u00eda, para concentrarse en el z\u00f3calo. Otro contingente hizo lo mismo en la sede del Instituto Nacional de Pueblos Ind\u00edgenas, donde cerr\u00f3 la calle Heroico Colegio Militar de la colonia Reforma.<\/p>\n\n\n\n<p>Un grupo m\u00e1s se concentr\u00f3 en el z\u00f3calo, mientras que en el interior del estado hubo manifestaciones y bloqueos en las regiones Cuenca, Sierra de Flores Mag\u00f3n, Mixteca y Costa. Lo anterior para exigir atenci\u00f3n a demandas sociales y de justicia. Por la noche se retiraron del centro de la capital.<\/p>\n\n\n\n<p>NUEVA ORGANIZACI\u00d3N<\/p>\n\n\n\n<p>Una naciente organizaci\u00f3n \u2014escisi\u00f3n del Movimiento de Unificaci\u00f3n y Lucha Triqui\u2014 denominada Movimiento de Izquierda Democr\u00e1tica de Oaxaca (MOID), inici\u00f3 tambi\u00e9n su jornada de protestas en el z\u00f3calo y el interior del estado.<\/p>\n\n\n\n<p>De acuerdo con su dirigente, se exige la atenci\u00f3n a al menos 10 comunidades ind\u00edgenas, aunque sin precisar cu\u00e1les son las demandas.<\/p>\n\n\n\n<p>En un video difundo esta noche, su representante David Jim\u00e9nez anunci\u00f3 que este mi\u00e9rcoles continuar\u00e1n las movilizaciones.<\/p>\n\n\n\n<p>LOS NORMALISTAS<\/p>\n\n\n\n<p>Desde anoche, un grupo de estudiantes normalistas se apoder\u00f3 de oficinas del Instituto Estatal de Educaci\u00f3n P\u00fablica de Oaxaca, en la calle Violentas, colonia Reforma de la capital; la liber\u00f3 por la noche y la ma\u00f1ana de hoy reanud\u00f3 su protesta.<\/p>\n\n\n\n<p>M\u00e1s tarde, una representaci\u00f3n acudi\u00f3 a la sede de la Secci\u00f3n 22 del SNTE, en la calle Armenta y L\u00f3pez del centro de la ciudad, para exigir respaldo de su dirigencia sindical; cerca de las ocho de la noche se retiraron.<\/p>\n\n\n\n<p>FALTA DE PAGO<\/p>\n\n\n\n<p>En tanto que una veintena de trabajadores por contrato del Centro de Control, Comando y C\u00f3mputo (C-4) del gobierno de Oaxaca, donde se maneja el n\u00famero de emergencias 911, march\u00f3 y protest\u00f3 en el z\u00f3calo.<\/p>\n\n\n\n<p>Seg\u00fan la denuncia, desde diciembre pasado no han recibido pago alguno y desde hace 11 a\u00f1os los mantienen por contratos temporales, sin mayores prestaciones sociales.<\/p>\n\n\n\n<p>Expusieron que son alrededor de 114 personas afectadas, en cinco regiones de la entidad; tras solicitar una audiencia en el Palacio de Gobierno, cesaron sus protestas.<\/p>\n\n\n\n<p>M\u00daLTIPLES CONFERENCIAS<\/p>\n\n\n\n<p>El z\u00f3calo tambi\u00e9n fue escenario de diversas protestas y conferencias de prensa, por parte de integrantes de la Red de V\u00edctimas \u201cTom\u00e1s Mart\u00ednez\u201d, entre ellos los familiares de las personas asesinadas en Huazantl\u00e1n del R\u00edo.<\/p>\n\n\n\n<p>El MOID, el Frente Popular, entre otros, dieron a conocer tambi\u00e9n sus demandas, al igual que el Movimiento de Unificaci\u00f3n y Lucha Triqui, que denunci\u00f3 ataques armados ayer y hoy, en contra de pobladores de San Juan Copala, por lo cual pidi\u00f3 vigilancia policiaca.<\/p>\n","protected":false},"excerpt":{"rendered":"<p>Ismael Garc\u00eda M.\/Zona Roja. Oaxaca de Ju\u00e1rez, Oax., a 27 de febrero de 2024.- Por&hellip;<\/p>\n","protected":false},"author":2,"featured_media":65734,"comment_status":"closed","ping_status":"open","sticky":false,"template":"","format":"standard","meta":{"_lmt_disableupdate":"","_lmt_disable":"","_jetpack_memberships_contains_paid_content":false,"footnotes":""},"categories":[109,47],"tags":[2254],"class_list":["post-65733","post","type-post","status-publish","format-standard","has-post-thumbnail","hentry","category-minuto-a-minuto","category-zona-gris","tag-protestas-y-bloqueos-oaxaca"],"jetpack_featured_media_url":"https:\/\/zonaroja.com.mx\/wp-content\/uploads\/2024\/02\/Protesta-FPR-Frente-Popular.jpg","jetpack_sharing_enabled":true,"_links":{"self":[{"href":"https:\/\/zonaroja.com.mx\/index.php?rest_route=\/wp\/v2\/posts\/65733","targetHints":{"allow":["GET"]}}],"collection":[{"href":"https:\/\/zonaroja.com.mx\/index.php?rest_route=\/wp\/v2\/posts"}],"about":[{"href":"https:\/\/zonaroja.com.mx\/index.php?rest_route=\/wp\/v2\/types\/post"}],"author":[{"embeddable":true,"href":"https:\/\/zonaroja.com.mx\/index.php?rest_route=\/wp\/v2\/users\/2"}],"replies":[{"embeddable":true,"href":"https:\/\/zonaroja.com.mx\/index.php?rest_route=%2Fwp%2Fv2%2Fcomments&post=65733"}],"version-history":[{"count":1,"href":"https:\/\/zonaroja.com.mx\/index.php?rest_route=\/wp\/v2\/posts\/65733\/revisions"}],"predecessor-version":[{"id":65735,"href":"https:\/\/zonaroja.com.mx\/index.php?rest_route=\/wp\/v2\/posts\/65733\/revisions\/65735"}],"wp:featuredmedia":[{"embeddable":true,"href":"https:\/\/zonaroja.com.mx\/index.php?rest_route=\/wp\/v2\/media\/65734"}],"wp:attachment":[{"href":"https:\/\/zonaroja.com.mx\/index.php?rest_route=%2Fwp%2Fv2%2Fmedia&parent=65733"}],"wp:term":[{"taxonomy":"category","embeddable":true,"href":"https:\/\/zonaroja.com.mx\/index.php?rest_route=%2Fwp%2Fv2%2Fcategories&post=65733"},{"taxonomy":"post_tag","embeddable":true,"href":"https:\/\/zonaroja.com.mx\/index.php?rest_route=%2Fwp%2Fv2%2Ftags&post=65733"}],"curies":[{"name":"wp","href":"https:\/\/api.w.org\/{rel}","templated":true}]}}