{"id":65739,"date":"2024-02-27T22:35:54","date_gmt":"2024-02-28T04:35:54","guid":{"rendered":"http:\/\/www.zonaroja.com.mx\/?p=65739"},"modified":"2024-02-27T22:35:55","modified_gmt":"2024-02-28T04:35:55","slug":"asesinan-a-individuo-en-zaachila-lesionan-a-otro-en-la-capital","status":"publish","type":"post","link":"https:\/\/zonaroja.com.mx\/?p=65739","title":{"rendered":"Asesinan a individuo en Zaachila; lesionan a otro en la capital"},"content":{"rendered":"\n<p>Ismael Garc\u00eda M.\/Zona Roja.<\/p>\n\n\n\n<p>Oaxaca de Ju\u00e1rez, Oax., a 28 de febrero de 2024.- Una persona del sexo masculino fue asesinada a balazos la tarde de este martes en la Villa de Zaachila, municipio de la regi\u00f3n Valles Centrales de Oaxaca.<\/p>\n\n\n\n<p>El crimen se perpetr\u00f3 en la calle Cosijop\u00ed del barrio San Jos\u00e9, cerca del palacio municipal, sin que hubiera polic\u00edas municipales en la zona para detener al o los agresores.<\/p>\n\n\n\n<p>La v\u00edctima fue identificada de manera preliminar como V\u00edctor Alfonso N. C., de aproximadamente 28 a\u00f1os de edad, y a\u00fan se desconoce el o los m\u00f3viles del asesinato.<\/p>\n\n\n\n<p>En Zaachila, gobernado por el morenista Rigoberto Chac\u00f3n P\u00e9rez, de manera frecuente suceden agresiones armadas y hasta ahora no se han implementado acciones en materia de seguridad a favor de la poblaci\u00f3n<\/p>\n\n\n\n<p>EN LA CAPITAL<\/p>\n\n\n\n<p>Por otra parte, alrededor del mediod\u00eda de hoy ocurri\u00f3 otro ataque armado pero en la ciudad de Oaxaca.<\/p>\n\n\n\n<p>Se registr\u00f3 en la calle Puerto \u00c1ngel esquina con Putla Villa de Guerrero, colonia Estado de Oaxaca, agencia de San Mart\u00edn Mexic\u00e1pam.<\/p>\n\n\n\n<p>Sujetos armados atacaron a balazos a ocupantes de un veh\u00edculo y una motocicleta y un individuo fue lesionado de gravedad, quien fue trasladado a un hospital de la capital.<\/p>\n\n\n\n<p>La v\u00edctima a\u00fan no ha sido identificada y se desconoce tambi\u00e9n la situaci\u00f3n de su salud; personal de la Fiscal\u00eda General del Estado inici\u00f3 las indagatorias respectivas.<\/p>\n\n\n\n<p>No hubo personas detenidas, debido a la ausencia de polic\u00edas municipales en la zona.<\/p>\n","protected":false},"excerpt":{"rendered":"<p>Ismael Garc\u00eda M.\/Zona Roja. Oaxaca de Ju\u00e1rez, Oax., a 28 de febrero de 2024.- Una&hellip;<\/p>\n","protected":false},"author":2,"featured_media":65740,"comment_status":"closed","ping_status":"open","sticky":false,"template":"","format":"standard","meta":{"_lmt_disableupdate":"","_lmt_disable":"","_jetpack_memberships_contains_paid_content":false,"footnotes":""},"categories":[109,51],"tags":[155],"class_list":["post-65739","post","type-post","status-publish","format-standard","has-post-thumbnail","hentry","category-minuto-a-minuto","category-zona-roja","tag-villa-de-zaachila"],"jetpack_featured_media_url":"https:\/\/zonaroja.com.mx\/wp-content\/uploads\/2024\/02\/Asesinado-Villa-de-Zaachila.jpg","jetpack_sharing_enabled":true,"_links":{"self":[{"href":"https:\/\/zonaroja.com.mx\/index.php?rest_route=\/wp\/v2\/posts\/65739","targetHints":{"allow":["GET"]}}],"collection":[{"href":"https:\/\/zonaroja.com.mx\/index.php?rest_route=\/wp\/v2\/posts"}],"about":[{"href":"https:\/\/zonaroja.com.mx\/index.php?rest_route=\/wp\/v2\/types\/post"}],"author":[{"embeddable":true,"href":"https:\/\/zonaroja.com.mx\/index.php?rest_route=\/wp\/v2\/users\/2"}],"replies":[{"embeddable":true,"href":"https:\/\/zonaroja.com.mx\/index.php?rest_route=%2Fwp%2Fv2%2Fcomments&post=65739"}],"version-history":[{"count":1,"href":"https:\/\/zonaroja.com.mx\/index.php?rest_route=\/wp\/v2\/posts\/65739\/revisions"}],"predecessor-version":[{"id":65741,"href":"https:\/\/zonaroja.com.mx\/index.php?rest_route=\/wp\/v2\/posts\/65739\/revisions\/65741"}],"wp:featuredmedia":[{"embeddable":true,"href":"https:\/\/zonaroja.com.mx\/index.php?rest_route=\/wp\/v2\/media\/65740"}],"wp:attachment":[{"href":"https:\/\/zonaroja.com.mx\/index.php?rest_route=%2Fwp%2Fv2%2Fmedia&parent=65739"}],"wp:term":[{"taxonomy":"category","embeddable":true,"href":"https:\/\/zonaroja.com.mx\/index.php?rest_route=%2Fwp%2Fv2%2Fcategories&post=65739"},{"taxonomy":"post_tag","embeddable":true,"href":"https:\/\/zonaroja.com.mx\/index.php?rest_route=%2Fwp%2Fv2%2Ftags&post=65739"}],"curies":[{"name":"wp","href":"https:\/\/api.w.org\/{rel}","templated":true}]}}