{"id":65747,"date":"2024-02-28T07:13:23","date_gmt":"2024-02-28T13:13:23","guid":{"rendered":"http:\/\/www.zonaroja.com.mx\/?p=65747"},"modified":"2024-02-28T07:13:25","modified_gmt":"2024-02-28T13:13:25","slug":"descartan-liberacion-de-diputado-priista-sigue-preso-en-reclusorio-de-tanivet","status":"publish","type":"post","link":"https:\/\/zonaroja.com.mx\/?p=65747","title":{"rendered":"Descartan liberaci\u00f3n de diputado priista; sigue preso en reclusorio de Tanivet"},"content":{"rendered":"\n<p>Ismael Garc\u00eda M.\/Zona Roja.<\/p>\n\n\n\n<p>Oaxaca de Ju\u00e1rez, Oax., a 28 de febrero de 2024.- El diputado local por el PRI Gustavo D. S., contin\u00faa preso en el reclusorio de Tanivet, Tlacolula, acusado de homicidio, confirmaron autoridades estatales.<\/p>\n\n\n\n<p>Y es que anoche se difundi\u00f3 un supuesto comunicado a nombre del legislador originario de San Jos\u00e9 Cosolapa \u2014que no pudo tomar posesi\u00f3n en la 65 Legislatura debido a su detenci\u00f3n\u2014 en que argumentaba que ya hab\u00eda obtenido su libertad.<\/p>\n\n\n\n<p>\u201cEl d\u00eda de hoy 27 de febrero de 2024, se resolvi\u00f3 el segundo de los procesos por los cuales Gustavo Diaz S\u00e1nchez fue detenido y el \u00fanico por el cual continuaba privado de su libertad, toda vez que a inicios de febrero de 2024, ya hab\u00eda sido emitida la primera sentencia absolutoria a su favor derivado de una resoluci\u00f3n emitida por el Primer Tribunal Colegiado en Materia Penal y de Trabajo del Decimotercer Circuito, como \u00faltima instancia\u201d, dio a conocer.<\/p>\n\n\n\n<p>\u201cEl d\u00eda de hoy, aproximadamente a las 11:20 horas, el Segundo Tribunal Colegiado en Materia Penal y de Trabajo del Decimotercer Circuito, como \u00faltima instancia, resolvi\u00f3 por unanimidad de votos el amparo directo 646\/2023, otorgando el amparo y protecci\u00f3n de la justicia federal a Gustavo D\u00edaz S\u00e1nchez, por lo que orden\u00f3 de notificar a las autoridades responsables para efecto de dejarlo en absoluta libertad de manera inmediata\u201d, refiere.<\/p>\n\n\n\n<p>Por lo cual demand\u00f3 la excarcelaci\u00f3n del diputado priista y adem\u00e1s reclam\u00f3 dilaciones por parte del Poder Judicial de Oaxaca:<\/p>\n\n\n\n<p>\u201cLa Primera Sala Penal y Especializada en Adolescentes Colegiada del Tribunal Superior de Justicia del Estado de Oaxaca, a pesar de haber sido notificada de la sentencia de amparo de manera oportuna, fue omisa en dar cumplimiento inmediato a la ejecutoria de amparo, lo que permiti\u00f3 que la Fiscal\u00eda General del Estado de Oaxaca, fabricara en cuesti\u00f3n de horas una nueva carpeta de investigaci\u00f3n en contra de Gustavo, por la cual se solicit\u00f3 una orden de aprehensi\u00f3n en su contra.<\/p>\n\n\n\n<p>\u201cNo es la primera vez que las autoridades del Poder Judicial del Estado de Oaxaca, desatienden un mandato de una autoridad judicial del Poder Judicial Federal, puesto que a mediados del mes de febrero, derivado de una sentencia de amparo, Alfredo Diaz S\u00e1nchez iba a recuperar su libertad, quien es hermano de Gustavo Diaz S\u00e1nchez, sin embargo, la autoridad judicial local demor\u00f3 m\u00e1s de una semana en dar cumplimiento y horas antes de recuperar su libertad, fue detenido dentro del Centro Penitenciario de Tanivet, por un delito que supuestamente cometi\u00f3 en el interior del mismo\u201d, expone.<\/p>\n\n\n\n<p>Gustavo D. S. fue aprehendido en Veracruz, el 4 de noviembre de 2021, cuando ped\u00eda la liberaci\u00f3n de su hijo detenido en aquella entidad; entre otros delitos, se le acusa del homicidio de un hombre y una mujer, Juan Carlos H. M y Francisca M. V., cometido en julio del mismo a\u00f1o, y por lo cual ya hab\u00eda sido sentenciado.<\/p>\n\n\n\n<p>En tanto, en mayo de 2022, la Fiscal\u00eda General de Oaxaca detuvo a Alfredo, alias \u201cEl Bal\u00edn\u201d, hermano del exdiputado del PRI, Gustavo D. S., \u201cEl Gato\u201d, quien junto con sus dos hijos se encuentran arrestados por sus presuntos v\u00ednculos con el C\u00e1rtel Jalisco Nueva Generaci\u00f3n (CJNG).<\/p>\n\n\n\n<p>Otro crimen del que se le acusa al legislador priista suspendido es por el crimen de otra mujer, ocurrido el 11 de octubre de 2021 en El Refugio, Cosolapa.<\/p>\n","protected":false},"excerpt":{"rendered":"<p>Ismael Garc\u00eda M.\/Zona Roja. Oaxaca de Ju\u00e1rez, Oax., a 28 de febrero de 2024.- El&hellip;<\/p>\n","protected":false},"author":2,"featured_media":65748,"comment_status":"closed","ping_status":"open","sticky":false,"template":"","format":"standard","meta":{"_lmt_disableupdate":"","_lmt_disable":"","_jetpack_memberships_contains_paid_content":false,"footnotes":""},"categories":[109,47],"tags":[671],"class_list":["post-65747","post","type-post","status-publish","format-standard","has-post-thumbnail","hentry","category-minuto-a-minuto","category-zona-gris","tag-gustavo-diaz-sanchez"],"jetpack_featured_media_url":"https:\/\/zonaroja.com.mx\/wp-content\/uploads\/2024\/02\/Gustavo-Diaz-Sanchez-no-fue-liberado.jpg","jetpack_sharing_enabled":true,"_links":{"self":[{"href":"https:\/\/zonaroja.com.mx\/index.php?rest_route=\/wp\/v2\/posts\/65747","targetHints":{"allow":["GET"]}}],"collection":[{"href":"https:\/\/zonaroja.com.mx\/index.php?rest_route=\/wp\/v2\/posts"}],"about":[{"href":"https:\/\/zonaroja.com.mx\/index.php?rest_route=\/wp\/v2\/types\/post"}],"author":[{"embeddable":true,"href":"https:\/\/zonaroja.com.mx\/index.php?rest_route=\/wp\/v2\/users\/2"}],"replies":[{"embeddable":true,"href":"https:\/\/zonaroja.com.mx\/index.php?rest_route=%2Fwp%2Fv2%2Fcomments&post=65747"}],"version-history":[{"count":1,"href":"https:\/\/zonaroja.com.mx\/index.php?rest_route=\/wp\/v2\/posts\/65747\/revisions"}],"predecessor-version":[{"id":65749,"href":"https:\/\/zonaroja.com.mx\/index.php?rest_route=\/wp\/v2\/posts\/65747\/revisions\/65749"}],"wp:featuredmedia":[{"embeddable":true,"href":"https:\/\/zonaroja.com.mx\/index.php?rest_route=\/wp\/v2\/media\/65748"}],"wp:attachment":[{"href":"https:\/\/zonaroja.com.mx\/index.php?rest_route=%2Fwp%2Fv2%2Fmedia&parent=65747"}],"wp:term":[{"taxonomy":"category","embeddable":true,"href":"https:\/\/zonaroja.com.mx\/index.php?rest_route=%2Fwp%2Fv2%2Fcategories&post=65747"},{"taxonomy":"post_tag","embeddable":true,"href":"https:\/\/zonaroja.com.mx\/index.php?rest_route=%2Fwp%2Fv2%2Ftags&post=65747"}],"curies":[{"name":"wp","href":"https:\/\/api.w.org\/{rel}","templated":true}]}}