{"id":65750,"date":"2024-02-28T09:30:00","date_gmt":"2024-02-28T15:30:00","guid":{"rendered":"http:\/\/www.zonaroja.com.mx\/?p=65750"},"modified":"2024-02-28T07:16:48","modified_gmt":"2024-02-28T13:16:48","slug":"denuncia-victima-de-funcionario-donato-vargas-amenazas-y-persecucion","status":"publish","type":"post","link":"https:\/\/zonaroja.com.mx\/?p=65750","title":{"rendered":"Denuncia v\u00edctima de funcionario Donato Vargas amenazas y persecuci\u00f3n"},"content":{"rendered":"\n<p>Yuridiana Sosa\/Zona Roja. Foto: Archivo.<\/p>\n\n\n\n<p>Oaxaca de Ju\u00e1rez, Oax., 28 de febrero de 2024.- Martha Aracely Cruz, v\u00edctima de violencia f\u00edsica y digital de Donato Vargas, funcionario de alto nivel del gobierno de Oaxaca, y quien desde hace m\u00e1s de un a\u00f1o mantiene una lucha p\u00fablica y penal por justicia, denunci\u00f3 amenazas v\u00eda telef\u00f3nica.<\/p>\n\n\n\n<p>La mujer dio a conocer que el pasado 25 de febrero sus agresores le advirtieron que la tienen ubicada, confirmando la direcci\u00f3n de su vivienda as\u00ed como amenazaron que tienen documentado sus movimientos.<\/p>\n\n\n\n<p>Las amenazas se realizaron en una llamada de dos minutos por medio del n\u00famero telef\u00f3nico 951 7617 622, al mediod\u00eda del pasado domingo, report\u00f3 Aracely Cruz en sus redes sociales.<\/p>\n\n\n\n<p>La mujer realiz\u00f3 un llamado al gobernador Salom\u00f3n Jara Cruz, a la Secretar\u00eda de Gobierno, de Seguridad P\u00fablica y Protecci\u00f3n Ciudadana y a la Fiscal\u00eda General de Oaxaca \u201cpara que dejen de ejercer persecuci\u00f3n\u201d.<\/p>\n\n\n\n<p>Martha Aracely Cruz dio a conocer p\u00fablicamente su caso tras la designaci\u00f3n en diciembre de 2022 de Donato Vargas Jim\u00e9nez como coordinador de Atenci\u00f3n Regional, quien contaba con denuncias penales por otras v\u00edctimas de crear y difundir contenido sexual en el grupo de WhatsApp \u201cSierra XXX\u201d.<\/p>\n\n\n\n<p>De acuerdo a la defensa de las v\u00edctimas, el caso de Donato Vargas est\u00e1 frenado &nbsp;en la Fiscal\u00eda de Oaxaca, mientras que es evidente la protecci\u00f3n del Gobierno del Estado al mantenerlo en sus funciones contra &nbsp;la ley de tres de tres contra la violencia de g\u00e9nero.<\/p>\n","protected":false},"excerpt":{"rendered":"<p>Yuridiana Sosa\/Zona Roja. Foto: Archivo. Oaxaca de Ju\u00e1rez, Oax., 28 de febrero de 2024.- Martha&hellip;<\/p>\n","protected":false},"author":2,"featured_media":55160,"comment_status":"closed","ping_status":"open","sticky":false,"template":"","format":"standard","meta":{"_lmt_disableupdate":"","_lmt_disable":"","_jetpack_memberships_contains_paid_content":false,"footnotes":""},"categories":[109,47],"tags":[3502],"class_list":["post-65750","post","type-post","status-publish","format-standard","has-post-thumbnail","hentry","category-minuto-a-minuto","category-zona-gris","tag-donato-vargas-jimenez"],"jetpack_featured_media_url":"https:\/\/zonaroja.com.mx\/wp-content\/uploads\/2023\/05\/Donato-Vargas-.jpg","jetpack_sharing_enabled":true,"_links":{"self":[{"href":"https:\/\/zonaroja.com.mx\/index.php?rest_route=\/wp\/v2\/posts\/65750","targetHints":{"allow":["GET"]}}],"collection":[{"href":"https:\/\/zonaroja.com.mx\/index.php?rest_route=\/wp\/v2\/posts"}],"about":[{"href":"https:\/\/zonaroja.com.mx\/index.php?rest_route=\/wp\/v2\/types\/post"}],"author":[{"embeddable":true,"href":"https:\/\/zonaroja.com.mx\/index.php?rest_route=\/wp\/v2\/users\/2"}],"replies":[{"embeddable":true,"href":"https:\/\/zonaroja.com.mx\/index.php?rest_route=%2Fwp%2Fv2%2Fcomments&post=65750"}],"version-history":[{"count":1,"href":"https:\/\/zonaroja.com.mx\/index.php?rest_route=\/wp\/v2\/posts\/65750\/revisions"}],"predecessor-version":[{"id":65751,"href":"https:\/\/zonaroja.com.mx\/index.php?rest_route=\/wp\/v2\/posts\/65750\/revisions\/65751"}],"wp:featuredmedia":[{"embeddable":true,"href":"https:\/\/zonaroja.com.mx\/index.php?rest_route=\/wp\/v2\/media\/55160"}],"wp:attachment":[{"href":"https:\/\/zonaroja.com.mx\/index.php?rest_route=%2Fwp%2Fv2%2Fmedia&parent=65750"}],"wp:term":[{"taxonomy":"category","embeddable":true,"href":"https:\/\/zonaroja.com.mx\/index.php?rest_route=%2Fwp%2Fv2%2Fcategories&post=65750"},{"taxonomy":"post_tag","embeddable":true,"href":"https:\/\/zonaroja.com.mx\/index.php?rest_route=%2Fwp%2Fv2%2Ftags&post=65750"}],"curies":[{"name":"wp","href":"https:\/\/api.w.org\/{rel}","templated":true}]}}