{"id":65752,"date":"2024-02-28T09:30:00","date_gmt":"2024-02-28T15:30:00","guid":{"rendered":"http:\/\/www.zonaroja.com.mx\/?p=65752"},"modified":"2024-02-28T08:07:14","modified_gmt":"2024-02-28T14:07:14","slug":"empresario-y-constructor-azuza-violencia-en-san-mateo-del-mar-acusan","status":"publish","type":"post","link":"https:\/\/zonaroja.com.mx\/?p=65752","title":{"rendered":"Empresario y constructor azuza violencia en San Mateo del Mar, acusan"},"content":{"rendered":"\n<p>Ismael Garc\u00eda M.\/Zona Roja.<\/p>\n\n\n\n<p>Oaxaca de Ju\u00e1rez, Oax., a 28 de febrero de 2024.- El empresario y constructor Jorge Arroyo fue denunciado por integrantes de la Comisi\u00f3n de Paz y Concordia de San Mateo del Mar de generar violencia en la zona y de lucrar con los familiares de las 15 v\u00edctimas de masacre en Huazantl\u00e1n del R\u00edo.<\/p>\n\n\n\n<p>\u201cLos verdaderos y verdaderas ind\u00edgenas Ikoots exponen los ileg\u00edtimos intereses -econ\u00f3micos y pol\u00edticos- de Jorge Leoncio Arroyo, persona totalmente ajena al pueblo de San Mateo del Mar, y quien desde 2017 ha estado detr\u00e1s de una serie de impunes acciones de provocaci\u00f3n y agresi\u00f3n, mismas que desembocaron en los lamentables hechos ocurridos en mayo-junio 2020.<\/p>\n\n\n\n<p>\u201cAs\u00ed como la decisi\u00f3n de la asamblea general del Pueblo de San Mateo -con el apoyo conjunto de la actual presidencia municipal y la Alcald\u00eda \u00danica municipal- de reconstruir el tejido social comunitario y recuperar un clima de paz con justicia y dignidad\u201d, expusieron ayer por la tarde durante una conferencia en la capital,<\/p>\n\n\n\n<p>Recordaron que fue el d\u00eda domingo 21 de junio de 2020, cuando numerosos pobladores y autoridades comunitarias de las agencias municipales de San Mateo del Mar (Huazantl\u00e1n del R\u00edo; Colonia Ju\u00e1rez; Colonia Cuauht\u00e9moc; Costa Rica y Colonia San Pablo; as\u00ed como El Pac\u00edfico, Barrio Espinal, Barrio Deportivo, Primera, Segunda y Tercera Secci\u00f3n de la cabecera municipal San Mateo del Mar, encabezados por su Alcald\u00eda \u00danica Constitucional -m\u00e1xima autoridad tradicional- en un ambiente pac\u00edfico, se trasladaban en camionetas pasajeras a la agencia municipal de Huazantl\u00e1n, para llevar a cabo una asamblea general, programada en base a sus sistemas normativos internos, para analizar la situaci\u00f3n del grave clima de violencia armada que hab\u00eda venido prevaleciendo en su territorio comunal y municipal.<\/p>\n\n\n\n<p>\u201cEste conflicto, iniciado tras la imposici\u00f3n orquestada por el empresario Jorge Leoncio Arroyo y el Partido Revolucionario Institucional (PRI), del se\u00f1or Bernardino Ponce Hinojosa como presidente municipal -violando los sistemas normativos internos de San Mateo del Mar, que, como municipio ind\u00edgena legalmente reconocido, tienen sus pobladores- se vio agravado a partir del 02 y 03 de mayo del 2020, debido a los hechos de violencia y agresi\u00f3n armada, ejercidos contra los y las numerosos pobladores en resistencia pac\u00edfica, que culminaron con el secuestro y asesinato del compa\u00f1ero (agente municipal suplente de Huazantl\u00e1n del R\u00edo) por lo que, los representantes de todas las agencias y la Alcald\u00eda Unica Constitucional, decidieron convocar a asamblea general de ciudadanos para el domingo 20 a realizarse a las 13:00 horas en la agencia de Huazantl\u00e1n.<\/p>\n\n\n\n<p>\u201cFue entonces que, al llegar al crucero de la Colonia Reforma, alrededor de una docena de camionetas colectivas con 300 comuneros y comuneras, fueron detenidas por un ret\u00e9n de personas encapuchadas y armadas, bajo el pretexto de un cerco sanitario implementado por el citado presidente municipal Bernardino Ponce H.&nbsp;<\/p>\n\n\n\n<p>\u201cAs\u00ed, los pobladores que se dirig\u00edan a la asamblea se encontraron con que la carretera estaba bloqueada con llantas en llamas y al detenerse, recibieron disparos con armas de fuego, resultando lesionados seis comuneros, por lo que decidieron regresar a la cabecera de San Mateo, para dar atenci\u00f3n a los heridos\u201d, relataron.<\/p>\n\n\n\n<p>Horas despu\u00e9s, la asamblea de comuneros decide trasladarse a Huazantl\u00e1n del R\u00edo, resguardados en ese momento por la Guardia Nacional, para la realizaci\u00f3n de la asamblea acordada.<\/p>\n\n\n\n<p>\u201cSin embargo, personas armadas, enviadas por la presidencia municipal, hab\u00edan tomado las instalaciones de la agencia de Huazantl\u00e1n y al ver llegar a m\u00e1s de 400 comuneros y comuneras en camionetas colectivas, comenzaron a dispararles y -con la presencia ah\u00ed de la Guardia Nacional- se genera un enfrentamiento popular con el grupo armado, resultando un saldo de 15 personas fallecidas\u201d, a\u00f1adieron.<\/p>\n\n\n\n<p>Se\u00f1alaron que tras ello, en los meses posteriores se desat\u00f3 un clima de tensi\u00f3n con la amenaza de m\u00faltiples \u00f3rdenes de aprehensi\u00f3n, se\u00f1alando como culpables a comuneros y comuneras que hab\u00edan manifestado su abierta protesta contra la imposici\u00f3n de Bernardino y contra la intervenci\u00f3n como<\/p>\n\n\n\n<p>\u00abasesor\u00bb del empresario Jorge Leoncio Arroyo.<\/p>\n\n\n\n<p>Apuntaron que el a\u00f1o pasado lograron la destituci\u00f3n del edil Bernardino Ponce y desde septiembre pasado, se integr\u00f3 la Comisi\u00f3n de Paz y Concordia, con la finalidad de reconstruir el tejido social y restablecer un clima de paz y tranquilidad en el territorio municipal y comunal, \u201cbuscando a atenci\u00f3n y reparaci\u00f3n integral del da\u00f1o a las verdaderas v\u00edctimas y a afectados de los hechos de mayo-junio 2020\u201d.<\/p>\n\n\n\n<p>Demandaron investigar a Jorge Leoncio Arroyo, quien ahora se dice asesor y representante de un grupo de familiares de v\u00edctimas de la masacre, y que a trav\u00e9s de ello busca impunidad por los m\u00faltiples hechos de violencia que ha generado en la zona huave del estado.<\/p>\n","protected":false},"excerpt":{"rendered":"<p>Ismael Garc\u00eda M.\/Zona Roja. Oaxaca de Ju\u00e1rez, Oax., a 28 de febrero de 2024.- El&hellip;<\/p>\n","protected":false},"author":2,"featured_media":65744,"comment_status":"closed","ping_status":"open","sticky":false,"template":"","format":"standard","meta":{"_lmt_disableupdate":"","_lmt_disable":"","_jetpack_memberships_contains_paid_content":false,"footnotes":""},"categories":[109,47],"tags":[],"class_list":["post-65752","post","type-post","status-publish","format-standard","has-post-thumbnail","hentry","category-minuto-a-minuto","category-zona-gris"],"jetpack_featured_media_url":"https:\/\/zonaroja.com.mx\/wp-content\/uploads\/2024\/02\/Conferencia-de-prensa-San-Mateo-del-Mar.jpg","jetpack_sharing_enabled":true,"_links":{"self":[{"href":"https:\/\/zonaroja.com.mx\/index.php?rest_route=\/wp\/v2\/posts\/65752","targetHints":{"allow":["GET"]}}],"collection":[{"href":"https:\/\/zonaroja.com.mx\/index.php?rest_route=\/wp\/v2\/posts"}],"about":[{"href":"https:\/\/zonaroja.com.mx\/index.php?rest_route=\/wp\/v2\/types\/post"}],"author":[{"embeddable":true,"href":"https:\/\/zonaroja.com.mx\/index.php?rest_route=\/wp\/v2\/users\/2"}],"replies":[{"embeddable":true,"href":"https:\/\/zonaroja.com.mx\/index.php?rest_route=%2Fwp%2Fv2%2Fcomments&post=65752"}],"version-history":[{"count":1,"href":"https:\/\/zonaroja.com.mx\/index.php?rest_route=\/wp\/v2\/posts\/65752\/revisions"}],"predecessor-version":[{"id":65753,"href":"https:\/\/zonaroja.com.mx\/index.php?rest_route=\/wp\/v2\/posts\/65752\/revisions\/65753"}],"wp:featuredmedia":[{"embeddable":true,"href":"https:\/\/zonaroja.com.mx\/index.php?rest_route=\/wp\/v2\/media\/65744"}],"wp:attachment":[{"href":"https:\/\/zonaroja.com.mx\/index.php?rest_route=%2Fwp%2Fv2%2Fmedia&parent=65752"}],"wp:term":[{"taxonomy":"category","embeddable":true,"href":"https:\/\/zonaroja.com.mx\/index.php?rest_route=%2Fwp%2Fv2%2Fcategories&post=65752"},{"taxonomy":"post_tag","embeddable":true,"href":"https:\/\/zonaroja.com.mx\/index.php?rest_route=%2Fwp%2Fv2%2Ftags&post=65752"}],"curies":[{"name":"wp","href":"https:\/\/api.w.org\/{rel}","templated":true}]}}