{"id":6576,"date":"2019-12-11T17:04:16","date_gmt":"2019-12-11T23:04:16","guid":{"rendered":"http:\/\/www.zonaroja.com.mx\/?p=6576"},"modified":"2019-12-11T18:00:39","modified_gmt":"2019-12-12T00:00:39","slug":"fundacion-privada-entrega-dos-reconstruidas-en-oaxaca-suman-18","status":"publish","type":"post","link":"https:\/\/zonaroja.com.mx\/?p=6576","title":{"rendered":"Fundaci\u00f3n privada entrega dos escuelas reconstruidas en Oaxaca; suman 18"},"content":{"rendered":"\n<p>Redacci\u00f3n\/Zona Roja.<\/p>\n\n\n\n<p>Oaxaca de Ju\u00e1rez, Oax., 11 de diciembre\nde 2019.- \u201cAll Hands and Hearts\u201d M\u00e9xico, organizaci\u00f3n sin fines de lucro que en\n2019 celebra su d\u00e9cimo aniversario en el pa\u00eds, dio a conocer las inauguraciones\nde la escuela primaria \u201cRevoluci\u00f3n\u201d y el jard\u00edn de ni\u00f1os \u201cItzc\u00f3atl\u201d, ambos en\nla localidad de Uni\u00f3n Zapata, perteneciente al municipio de San Pablo Villa\nMitla, Oaxaca. <\/p>\n\n\n\n<p>En un comunicado, detall\u00f3 que en\nconjunto, estas dos instituciones beneficiar\u00e1n a m\u00e1s de 350 alumnos en los\npr\u00f3ximos 10 a\u00f1os. As\u00ed es como un total de 18 escuelas en la entidad han sido\nreconstruidas por la fundaci\u00f3n desde su llegada a M\u00e9xico.<\/p>\n\n\n\n<p>\u201cLas escuelas son el coraz\u00f3n de nuestras\ncomunidades\u201d, enfatiz\u00f3 Carlos J. Muriel Gaxiola, presidente del consejo directivo\nde \u201cAll Hands and Hearts\u201d M\u00e9xico. <\/p>\n\n\n\n<p>Todas las instalaciones rehabilitadas\npor la organizaci\u00f3n cumplen con los est\u00e1ndares m\u00e1s altos de seguridad y\nresiliencia ante futuros desastres naturales, detall\u00f3.<\/p>\n\n\n\n<p>Expuso que los sismos ocurridos en el pa\u00eds\nen 2017 afectaron la infraestructura educativa de diversas entidades, en\nespecial, en la zona sur. <\/p>\n\n\n\n<p>\u201cHoy, a m\u00e1s de dos a\u00f1os de este\nacontecimiento, alumnos de dichos centros escolares podr\u00e1n gozar de instalaciones\nseguras, gracias al trabajo de 221 voluntarios provenientes de m\u00e1s de 27 pa\u00edses\ncomo Estados Unidos, Reino Unido, Francia, Alemania y M\u00e9xico\u201d, indic\u00f3.<\/p>\n\n\n\n<p>Agreg\u00f3 que durante el proceso de\nreconstrucci\u00f3n y como parte de las actividades de All Hands and Hearts Mexico\npara regenerar el tejido social en las localidades afectadas, se implementaron\nprogramas comunitarios y talleres con la finalidad de empoderar a los\nhabitantes.<\/p>\n\n\n\n<p>Estas actividades se enfocan a buenas\npr\u00e1cticas y sustentabilidad en la agricultura, clases de ingl\u00e9s, taller de\nreducci\u00f3n de riesgos en caso de desastre, reciclaje de materiales y primeros\nauxilios. <\/p>\n\n\n\n<p>De igual manera, para reactivar la\neconom\u00eda local, se recurri\u00f3 a la contrataci\u00f3n de mano de obra, tanto para las\nactividades construcci\u00f3n como para los servicios de comida y lavander\u00eda. <\/p>\n\n\n\n<p>Las inauguraciones de las escuelas\nreunieron al co-fundador de \u201cAll Hands and Hearts\u201d International, David\nCampbell; al presidente del consejo, Carlos Muriel; al CEO de \u201cAll Hands and\nHearts\u201d International, Erik Dyson, y la CEO en M\u00e9xico, Nicolette Koeman.<\/p>\n\n\n\n<p>As\u00ed como empresarios y donantes como\nBorja Escalada de RLH Properties, Mauricio Fabre, co-Fundador de Lattore\nFoundation y Viridiana Hern\u00e1ndez, gerente de sucursal The Home Depot Oaxaca.<\/p>\n\n\n\n<p>Entre los donantes de la fundaci\u00f3n,\nfiguran Oliver Daschel, Philip y Mary Erdoes, Mike Pehl, Jacaranda Fund (John\nC. Mack) y Baker Hughes Foundation.<\/p>\n\n\n\n<p>Asimismo, las empresas y organizaciones\nque se sumaron a este proyecto, son The Home Depot M\u00e9xico, Fundaci\u00f3n\nTelef\u00f3nica, Ateneo Espa\u00f1ol de M\u00e9xico y Escuelas Sustentables.<\/p>\n\n\n\n<p>Adem\u00e1s, este a\u00f1o All Hands and Hearts\nM\u00e9xico dio la bienvenida a las firmas RLH Properties y BK Foundation, cuyas\nlabores se unieron con el objetivo de generar escuelas seguras y resilientes\npara los ni\u00f1os mexicanos.<\/p>\n","protected":false},"excerpt":{"rendered":"<p>Redacci\u00f3n\/Zona Roja. Oaxaca de Ju\u00e1rez, Oax., 11 de diciembre de 2019.- \u201cAll Hands and Hearts\u201d&hellip;<\/p>\n","protected":false},"author":2,"featured_media":6577,"comment_status":"closed","ping_status":"open","sticky":false,"template":"","format":"standard","meta":{"_lmt_disableupdate":"","_lmt_disable":"","_jetpack_memberships_contains_paid_content":false,"footnotes":""},"categories":[109,46],"tags":[1128,1127],"class_list":["post-6576","post","type-post","status-publish","format-standard","has-post-thumbnail","hentry","category-minuto-a-minuto","category-zona-blanca","tag-all-hands-and-hearts","tag-san-pablo-villa-de-mitla"],"jetpack_featured_media_url":"https:\/\/zonaroja.com.mx\/wp-content\/uploads\/2019\/12\/Hall-Hands.png","jetpack_sharing_enabled":true,"_links":{"self":[{"href":"https:\/\/zonaroja.com.mx\/index.php?rest_route=\/wp\/v2\/posts\/6576","targetHints":{"allow":["GET"]}}],"collection":[{"href":"https:\/\/zonaroja.com.mx\/index.php?rest_route=\/wp\/v2\/posts"}],"about":[{"href":"https:\/\/zonaroja.com.mx\/index.php?rest_route=\/wp\/v2\/types\/post"}],"author":[{"embeddable":true,"href":"https:\/\/zonaroja.com.mx\/index.php?rest_route=\/wp\/v2\/users\/2"}],"replies":[{"embeddable":true,"href":"https:\/\/zonaroja.com.mx\/index.php?rest_route=%2Fwp%2Fv2%2Fcomments&post=6576"}],"version-history":[{"count":2,"href":"https:\/\/zonaroja.com.mx\/index.php?rest_route=\/wp\/v2\/posts\/6576\/revisions"}],"predecessor-version":[{"id":6579,"href":"https:\/\/zonaroja.com.mx\/index.php?rest_route=\/wp\/v2\/posts\/6576\/revisions\/6579"}],"wp:featuredmedia":[{"embeddable":true,"href":"https:\/\/zonaroja.com.mx\/index.php?rest_route=\/wp\/v2\/media\/6577"}],"wp:attachment":[{"href":"https:\/\/zonaroja.com.mx\/index.php?rest_route=%2Fwp%2Fv2%2Fmedia&parent=6576"}],"wp:term":[{"taxonomy":"category","embeddable":true,"href":"https:\/\/zonaroja.com.mx\/index.php?rest_route=%2Fwp%2Fv2%2Fcategories&post=6576"},{"taxonomy":"post_tag","embeddable":true,"href":"https:\/\/zonaroja.com.mx\/index.php?rest_route=%2Fwp%2Fv2%2Ftags&post=6576"}],"curies":[{"name":"wp","href":"https:\/\/api.w.org\/{rel}","templated":true}]}}