{"id":65760,"date":"2024-02-28T14:14:00","date_gmt":"2024-02-28T20:14:00","guid":{"rendered":"http:\/\/www.zonaroja.com.mx\/?p=65760"},"modified":"2024-02-28T08:16:26","modified_gmt":"2024-02-28T14:16:26","slug":"denuncian-como-deudor-alimentario-a-ex-director-de-coesfo-y-se-busca-hay-mas-casos","status":"publish","type":"post","link":"https:\/\/zonaroja.com.mx\/?p=65760","title":{"rendered":"Denuncian como deudor alimentario a ex director de Coesfo y \u201cse busca\u201d; hay m\u00e1s casos"},"content":{"rendered":"\n<p>Yuridiana Sosa\/Zona Roja.<\/p>\n\n\n\n<p>Oaxaca de Ju\u00e1rez, Oax., 28 de febrero de 2024.- El ex titular de la Comisi\u00f3n Estatal Forestal de Oaxaca&nbsp; (Coesfo), Alfredo Aar\u00f3n Ju\u00e1rez Cruz,&nbsp; fue denunciado como deudor alimentario, pero adem\u00e1s,&nbsp; se encuentra como \u201cdesaparecido\u201d para evadir sus responsabilidades.<\/p>\n\n\n\n<p>As\u00ed lo denunci\u00f3 p\u00fablicamente el Colectivo Deudores Alimentarios Oaxaca, y se\u00f1al\u00f3 que desde octubre del 2023 no se hace cargo de la manutenci\u00f3n de sus dos menores hijos de ocho&nbsp; y 11 a\u00f1os.<\/p>\n\n\n\n<p>El incumplimiento de sus responsabilidades deriv\u00f3 en que los menores fueran dados de baja en sus escuelas ante la falta de recursos de la madre para cubrir con estos pagos.<\/p>\n\n\n\n<p>De acuerdo con la denuncia, las v\u00edctimas no han logrado contactar a Ju\u00e1rez Cruz, quien&nbsp; pr\u00e1cticamente se encuentra \u201cdesaparecido\u201d para los dos menores y su madre.<\/p>\n\n\n\n<p>Lo \u00faltimo que conocieron sobre el ex titular de Coesfo, es que fue padre nuevamente con una nueva pareja, y que a su hijo de 14 a\u00f1os de edad lo dej\u00f3 encargado en Oaxaca, con una cuidadora.<\/p>\n\n\n\n<p>M\u00c1S CASOS<\/p>\n\n\n\n<p>De la misma forma, la p\u00e1gina en defensa de las infancias denunci\u00f3 a Magdiel Adxali Cortes Cer\u00f3n, ex oficial del Registro Civil, quien desde hace siete a\u00f1os evade su responsabilidad.<\/p>\n\n\n\n<p>El ex oficial del Gobierno del Estado primero exigi\u00f3 una prueba de ADN, para supuestamente hacerse cargo de la manutenci\u00f3n, pero ahora argumenta que no encuentra trabajo por ser exhibido como deudor alimentario.<\/p>\n\n\n\n<p>\u201cEl Sr. quiere puesto de magistrado o Juez, ya que dice que ser taxista es denigrante para su honorable persona, ya que se anda paseando en camioneta del a\u00f1o\u201d, se\u00f1al\u00f3 la denuncia.<\/p>\n\n\n\n<p>Deudores Alimentarios Oaxaca exhibi\u00f3 el caso de Julio Cesar Cruz Herrera, m\u00e9dico general y docente del Capacitaci\u00f3n para el Trabajo Industrial (Cecati), en San Antonio de la Cal.<\/p>\n\n\n\n<p>Este hombre, quien presume en sus redes una nueva relaci\u00f3n, abandon\u00f3 cuatro infancias, y presuntamente tiene planes de irse a los Estados Unidos, se\u00f1al\u00f3 la denuncia.<\/p>\n\n\n\n<p>EN PARTIDOS<\/p>\n\n\n\n<p>Recientemente, el Colectivo dio a conocer que el Partido del Trabajo (PT) en Oaxaca, nombr\u00f3 al deudor alimentario Casiano Luis Mej\u00eda, como candidato en Santa Cruz Xoxocotl\u00e1n.<\/p>\n\n\n\n<p>La denuncia resalt\u00f3 que a este personaje lo denunci\u00f3 en 2021 y pese a eso, logr\u00f3 sobornar al personal del juzgado en d\u00edas pasados para que le otorgaran el 15 por ciento de pensi\u00f3n provisional, misma que no ha pagado.<\/p>\n\n\n\n<p>\u201cConocemos bien a estos delincuentes. Seguro seguir\u00e1 alargando el juicio. Su hija ya tiene 14 a\u00f1os y sigue sin reconocerla a pesar de que el ADN ya sali\u00f3 positivo\u201d, se\u00f1al\u00f3 el Colectivo.<\/p>\n\n\n\n<p>\u201cLamentamos que ese partido siga solapando a este irresponsable. El 7 de marzo tiene audiencia. A ver si ya lleva algo de lo que debe y se lo deposita a su menor\u201d, apuntaron.<\/p>\n\n\n\n<p>Mientras que Tomas Mois\u00e9s Hern\u00e1ndez Galguera, del Partido Verde, abandon\u00f3 a sus dos infancias hace dos a\u00f1os.<\/p>\n\n\n\n<p>El hombre, quien corri\u00f3 a sus hijos con su madre de la casa donde viv\u00edan, dice que est\u00e1 desempleado,&nbsp; pero se le ve a todos lados con Jos\u00e9 Estefan, el administrador del Partido Verde en Oaxaca.<\/p>\n\n\n\n<p>Hern\u00e1ndez Galguera trabajaba en la Secretar\u00eda del Medio Ambiente, pero renunci\u00f3 tras recibir la demanda marcada en el expediente 514\/2023, denunci\u00f3 Deudores Alimentarios.<\/p>\n","protected":false},"excerpt":{"rendered":"<p>Yuridiana Sosa\/Zona Roja. Oaxaca de Ju\u00e1rez, Oax., 28 de febrero de 2024.- El ex titular&hellip;<\/p>\n","protected":false},"author":2,"featured_media":65761,"comment_status":"closed","ping_status":"open","sticky":false,"template":"","format":"standard","meta":{"_lmt_disableupdate":"","_lmt_disable":"","_jetpack_memberships_contains_paid_content":false,"footnotes":""},"categories":[109,47],"tags":[3858],"class_list":["post-65760","post","type-post","status-publish","format-standard","has-post-thumbnail","hentry","category-minuto-a-minuto","category-zona-gris","tag-alfredo-aaron-juarez"],"jetpack_featured_media_url":"https:\/\/zonaroja.com.mx\/wp-content\/uploads\/2024\/02\/Alfredo-Aaron-Juarez.jpeg","jetpack_sharing_enabled":true,"_links":{"self":[{"href":"https:\/\/zonaroja.com.mx\/index.php?rest_route=\/wp\/v2\/posts\/65760","targetHints":{"allow":["GET"]}}],"collection":[{"href":"https:\/\/zonaroja.com.mx\/index.php?rest_route=\/wp\/v2\/posts"}],"about":[{"href":"https:\/\/zonaroja.com.mx\/index.php?rest_route=\/wp\/v2\/types\/post"}],"author":[{"embeddable":true,"href":"https:\/\/zonaroja.com.mx\/index.php?rest_route=\/wp\/v2\/users\/2"}],"replies":[{"embeddable":true,"href":"https:\/\/zonaroja.com.mx\/index.php?rest_route=%2Fwp%2Fv2%2Fcomments&post=65760"}],"version-history":[{"count":1,"href":"https:\/\/zonaroja.com.mx\/index.php?rest_route=\/wp\/v2\/posts\/65760\/revisions"}],"predecessor-version":[{"id":65762,"href":"https:\/\/zonaroja.com.mx\/index.php?rest_route=\/wp\/v2\/posts\/65760\/revisions\/65762"}],"wp:featuredmedia":[{"embeddable":true,"href":"https:\/\/zonaroja.com.mx\/index.php?rest_route=\/wp\/v2\/media\/65761"}],"wp:attachment":[{"href":"https:\/\/zonaroja.com.mx\/index.php?rest_route=%2Fwp%2Fv2%2Fmedia&parent=65760"}],"wp:term":[{"taxonomy":"category","embeddable":true,"href":"https:\/\/zonaroja.com.mx\/index.php?rest_route=%2Fwp%2Fv2%2Fcategories&post=65760"},{"taxonomy":"post_tag","embeddable":true,"href":"https:\/\/zonaroja.com.mx\/index.php?rest_route=%2Fwp%2Fv2%2Ftags&post=65760"}],"curies":[{"name":"wp","href":"https:\/\/api.w.org\/{rel}","templated":true}]}}