{"id":65763,"date":"2024-02-28T13:16:00","date_gmt":"2024-02-28T19:16:00","guid":{"rendered":"http:\/\/www.zonaroja.com.mx\/?p=65763"},"modified":"2024-02-28T08:18:18","modified_gmt":"2024-02-28T14:18:18","slug":"expresa-eu-apoyo-a-la-prensa-libre-e-independiente-en-mexico","status":"publish","type":"post","link":"https:\/\/zonaroja.com.mx\/?p=65763","title":{"rendered":"Expresa EU apoyo a la \u2018prensa libre e independiente\u2019 en M\u00e9xico"},"content":{"rendered":"\n<p>Redacci\u00f3n\/Zona Roja Cdmx.<\/p>\n\n\n\n<p>Ciudad de M\u00e9xico, a 28 de febrero de 2024.- El Departamento de Estado de Estados Unidos se pronunci\u00f3 en contra de que se lleven a cabo acciones que puedan poner en peligro a los periodistas, en M\u00e9xico y el mundo.<\/p>\n\n\n\n<p>Al ser cuestionado sobre la decisi\u00f3n del presidente Andr\u00e9s Manuel L\u00f3pez Obrador de dar a conocer el tel\u00e9fono de la titular de la oficina de \u00abThe New York Times\u00bb en M\u00e9xico, Natalie Kitroeff, el vocero del departamento, Matthew Miller, sostuvo que el gobierno estadounidense no apoyar\u00e1 acciones que pongan en riesgo a los comunicadores.<\/p>\n\n\n\n<p>\u201cNo querr\u00edamos ver que se tomen medidas que pongan en peligro la seguridad de ning\u00fan individuo o periodista\u201d, apunt\u00f3.<\/p>\n\n\n\n<p>Adem\u00e1s, Miller se\u00f1al\u00f3 que su pa\u00eds siempre buscar\u00e1 respaldar a los medios serios que buscan simplemente realizar su labor informativa.<\/p>\n\n\n\n<p>\u201cApoyamos a la prensa libre e independiente cuando realiza su trabajo en todo el mundo. Esto incluye a M\u00e9xico\u201d, sentenci\u00f3<\/p>\n\n\n\n<p>Durante su conferencia de prensa del jueves pasado, L\u00f3pez Obrador ley\u00f3 el cuestionario que le envi\u00f3 la reportera y dio a conocer el n\u00famero telef\u00f3nico de Kitroeff, pr\u00e1ctica que es conocida como doxing.<\/p>\n\n\n\n<p>Cabe recalcar que esos datos est\u00e1n protegidos por la Ley General de Protecci\u00f3n de Datos Personales.<\/p>\n\n\n\n<p>Al d\u00eda siguiente, miembros de la prensa que cubren las actividades de la Casa Blanca tambi\u00e9n cuestionaron sobre este acto a la vocera de la Casa Blanca, Karine Jean-Pierre.<\/p>\n\n\n\n<p>En una conferencia, la portavoz expres\u00f3 su desacuerdo con la decisi\u00f3n del mandatario mexicano.<\/p>\n\n\n\n<p>A pesar de que apunt\u00f3 que \u201cno he visto\u201d el reportaje, Jean-Pierre sostuvo que el gobierno estadounidense no respaldar\u00e1 este tipo de actos.<\/p>\n\n\n\n<p>\u201cCreemos en la libertad de prensa, obviamente. Por eso hacemos esto (una conferencia de prensa) pr\u00e1cticamente diario\u201d, remarc\u00f3.<\/p>\n\n\n\n<p>Asimismo, Jean-Pierre resalt\u00f3 la importancia de que los trabajadores de los medios puedan llevar a cabo sus actividades sin ning\u00fan riesgo.<\/p>\n\n\n\n<p>\u201cEs importante que la prensa pueda informar sobre temas que son importantes para el pueblo estadounidense libremente, de una manera en la que se sientan seguros y protegidos, y de una manera en la que no est\u00e9n siendo doxeados o atacados\u201d, apunt\u00f3.<\/p>\n\n\n\n<p>La vocera de la Casa Blanca sentenci\u00f3 que \u201ceso es algo que, obviamente, rechazaremos\u201d.<\/p>\n\n\n\n<p>(Informaci\u00f3n de \u201cEl Financiero\u201d)<\/p>\n","protected":false},"excerpt":{"rendered":"<p>Redacci\u00f3n\/Zona Roja Cdmx. Ciudad de M\u00e9xico, a 28 de febrero de 2024.- El Departamento de&hellip;<\/p>\n","protected":false},"author":2,"featured_media":64926,"comment_status":"closed","ping_status":"open","sticky":false,"template":"","format":"standard","meta":{"_lmt_disableupdate":"","_lmt_disable":"","_jetpack_memberships_contains_paid_content":false,"footnotes":""},"categories":[109,46],"tags":[],"class_list":["post-65763","post","type-post","status-publish","format-standard","has-post-thumbnail","hentry","category-minuto-a-minuto","category-zona-blanca"],"jetpack_featured_media_url":"https:\/\/zonaroja.com.mx\/wp-content\/uploads\/2024\/02\/Periodicos-internacionales-Estados-Unidos.jpeg","jetpack_sharing_enabled":true,"_links":{"self":[{"href":"https:\/\/zonaroja.com.mx\/index.php?rest_route=\/wp\/v2\/posts\/65763","targetHints":{"allow":["GET"]}}],"collection":[{"href":"https:\/\/zonaroja.com.mx\/index.php?rest_route=\/wp\/v2\/posts"}],"about":[{"href":"https:\/\/zonaroja.com.mx\/index.php?rest_route=\/wp\/v2\/types\/post"}],"author":[{"embeddable":true,"href":"https:\/\/zonaroja.com.mx\/index.php?rest_route=\/wp\/v2\/users\/2"}],"replies":[{"embeddable":true,"href":"https:\/\/zonaroja.com.mx\/index.php?rest_route=%2Fwp%2Fv2%2Fcomments&post=65763"}],"version-history":[{"count":1,"href":"https:\/\/zonaroja.com.mx\/index.php?rest_route=\/wp\/v2\/posts\/65763\/revisions"}],"predecessor-version":[{"id":65764,"href":"https:\/\/zonaroja.com.mx\/index.php?rest_route=\/wp\/v2\/posts\/65763\/revisions\/65764"}],"wp:featuredmedia":[{"embeddable":true,"href":"https:\/\/zonaroja.com.mx\/index.php?rest_route=\/wp\/v2\/media\/64926"}],"wp:attachment":[{"href":"https:\/\/zonaroja.com.mx\/index.php?rest_route=%2Fwp%2Fv2%2Fmedia&parent=65763"}],"wp:term":[{"taxonomy":"category","embeddable":true,"href":"https:\/\/zonaroja.com.mx\/index.php?rest_route=%2Fwp%2Fv2%2Fcategories&post=65763"},{"taxonomy":"post_tag","embeddable":true,"href":"https:\/\/zonaroja.com.mx\/index.php?rest_route=%2Fwp%2Fv2%2Ftags&post=65763"}],"curies":[{"name":"wp","href":"https:\/\/api.w.org\/{rel}","templated":true}]}}