{"id":65783,"date":"2024-02-29T08:30:00","date_gmt":"2024-02-29T14:30:00","guid":{"rendered":"http:\/\/www.zonaroja.com.mx\/?p=65783"},"modified":"2024-02-29T07:19:04","modified_gmt":"2024-02-29T13:19:04","slug":"hallan-en-fosas-siete-cuerpos-en-tabasco-tambien-en-zacatecas","status":"publish","type":"post","link":"https:\/\/zonaroja.com.mx\/?p=65783","title":{"rendered":"Hallan en fosas siete cuerpos en Tabasco; tambi\u00e9n en Zacatecas"},"content":{"rendered":"\n<p>Redacci\u00f3n\/Zona Roja Cdmx.<\/p>\n\n\n\n<p>Ciudad de M\u00e9xico, a 29 de febrero de 2024.- La Fiscal\u00eda General del Estado localiz\u00f3, en el municipio de C\u00e1rdenas, entre seis y siete cuerpos en fosas comunes, pero podr\u00eda haber m\u00e1s, inform\u00f3 este mi\u00e9rcoles el fiscal Nicol\u00e1s Bautista Ovando.<\/p>\n\n\n\n<p>Dijo que, para ello, las autoridades han tenido que utilizar retroexcavadoras, pues consider\u00f3 que puede haber otros restos en un predio que se localiza en la colonia Los Santos, a orillas de la v\u00eda C\u00e1rdenas-Comalcalco, en la regi\u00f3n de La Chontalpa.<\/p>\n\n\n\n<p>Se\u00f1al\u00f3 adem\u00e1s que la dependencia a su cargo ha detectado fosas clandestinas en zonas de las localidades de Huimanguillo y C\u00e1rdenas, municipios colindantes.<\/p>\n\n\n\n<p>EN ZACATECAS<\/p>\n\n\n\n<p>Este mi\u00e9rcoles, tambi\u00e9n en la carretera Zacatecas-Jerez, fueron localizadas varias bolsas con restos humanos. Asimismo, se report\u00f3 que en las comunidades de La Presilla y Viboritas, municipio de Villanueva, las autoridades hallaron \u201cvarios civiles heridos\u201d.<\/p>\n\n\n\n<p>Mientras, en la localidad de Casa Blanca, en Guadalupe, pobladores denunciaron que ayer un grupo de civiles que portaban armas largas y circulaban a bordo de 15 camionetas merodeaba la zona y realizaba disparos al aire en el jard\u00edn principal del lugar.<\/p>\n\n\n\n<p>Tambi\u00e9n en Zacatecas, dos miembros de la Polic\u00eda Estatal Preventiva, adscritos al grupo de la Fuerza de Reacci\u00f3n Inmediata, se encuentran gravemente heridos en el hospital general del Instituto Mexicano del Seguro Social de la capital del estado tras haber sido v\u00edctimas de una emboscada la ma\u00f1ana de ayer.<\/p>\n\n\n\n<p>El atentado contra los oficiales, que viajaban a bordo de la patrulla con n\u00famero econ\u00f3mico 679, se perpetr\u00f3 en el crucero de la carretera que comunica a la ciudad de Zacatecas con Jerez, a la altura de la comunidad de Chilitas, seg\u00fan fuentes policiales.<\/p>\n\n\n\n<p>EN CHIAPAS<\/p>\n\n\n\n<p>Por otra parte, sujetos armados dispararon en contra de una camioneta en la que viajaba Gabriel Orantes Villatoro, aspirante a la alcald\u00eda de San Fernando, Chiapas, por el partido Morena, agresi\u00f3n que no dej\u00f3 v\u00edctimas.&nbsp;<\/p>\n\n\n\n<p>Orantes Villatoro inform\u00f3 que el ataque fue cometido la noche del martes, cuando sal\u00eda con su equipo de trabajo de San Fernando hacia Tuxtla Guti\u00e9rrez. \u201cDispararon realmente a matar\u201d, asegur\u00f3.<\/p>\n\n\n\n<p>Narr\u00f3 que \u201cpasando la entrada de la colonia 16 de Septiembre hay un Oxxo, y justo en ese momento se me pegan (al veh\u00edculo que manejaba) dos camionetas con luces de patrullas. Permit\u00ed el paso, pero de pronto veo que (los tripulantes de) las camionetas que estaban al lado m\u00edo empiezan a sacar armas largas. No nos detuvimos, seguimos de largo\u201d.<\/p>\n\n\n\n<p>Apunt\u00f3 que entonces sus agresores \u201cempezaron a disparar. Est\u00e1n atentando contra la vida; dispararon realmente a matar; tenemos un disparo que va directo a mi persona, que voy como conductor, y dos m\u00e1s\u201d. Los tiros se estrellaron en el parabrisas del automotor de Gabriel Orantes.<\/p>\n\n\n\n<p>EN MICHOAC\u00c1N<\/p>\n\n\n\n<p>En tanto, el fiscal general de Michoac\u00e1n, Adri\u00e1n L\u00f3pez Sol\u00eds, sostuvo que el crimen organizado est\u00e1 detr\u00e1s de los homicidios de los aspirantes a las postulaciones de Morena y el Partido Acci\u00f3n Nacional a la alcald\u00eda de Maravat\u00edo, Miguel \u00c1ngel Reyes Zavala y Armando P\u00e9rez Luna, respectivamente, perpetrados el pasado 24 de febrero.<\/p>\n\n\n\n<p>L\u00f3pez Sol\u00eds no mencion\u00f3 a ning\u00fan grupo delictivo, pero en esa regi\u00f3n operan los carteles de \u201cLos Correa\u201d, \u201cLa familia michoacana\u201d del Estado de M\u00e9xico y Jalisco Nueva Generaci\u00f3n. \u201cEl inter\u00e9s de grupos criminales por mantener el control territorial habr\u00eda sido la causa de los asesinatos\u201d, subray\u00f3.<\/p>\n\n\n\n<p>EN GUANAJUATO<\/p>\n\n\n\n<p>Un polic\u00eda de Celaya, Guanajuato, perdi\u00f3 la vida tras ser atacado a balazos por desconocidos cuando circulaba en su veh\u00edculo por calles de la colonia Obrero Mundial, acompa\u00f1ado de su esposa y su hija de 18 meses de edad; en lo que va del a\u00f1o, 11 elementos dela Secretar\u00eda de Seguridad local han sido asesinados en esta demarcaci\u00f3n.<\/p>\n\n\n\n<p>De acuerdo con el reporte de las autoridades, alrededor de las siete horas dos hombres dispararon contra el oficial cuando transitaba con su familia en el cruce de la avenida 2 de Abril con el bulevar Adolfo L\u00f3pez Mateos.<\/p>\n\n\n\n<p>El agente repeli\u00f3 la agresi\u00f3n y logr\u00f3 abatir a uno de los dos pistoleros; el otro se dio a la fuga. Posteriormente se inform\u00f3 que el uniformado, quien result\u00f3 herido, falleci\u00f3 cuando recib\u00eda atenci\u00f3n m\u00e9dica.<\/p>\n\n\n\n<p>EN CDMX<\/p>\n\n\n\n<p>La Fiscal\u00eda General de Justicia de la Ciudad de M\u00e9xico inici\u00f3 una carpeta de investigaci\u00f3n por feminicidio tras el hallazgo de un cuerpo decapitado en Prolongaci\u00f3n Tlaltenamic y Paraje Acuexcomatl, Pueblo de San Pablo Oztotepec, en MilpaAlta; y lleva a cabo estudios periciales para determinar si una cabeza encontrada en Tl\u00e1huac corresponde al cuerpo.<br>Tras el reporte v\u00eda telef\u00f3nica de personal de Corena, elementos de la Secretar\u00eda de Seguridad Ciudadana se trasladaron a dicho punto, donde se entrevistaron con un adulto mayor, confirmando el&nbsp;hallazgo de un cuerpo sin vida en posici\u00f3n de c\u00fabito lateral derecho.<br>La persona de aproximadamente 30 a\u00f1os vest\u00eda una sudadera verde, una falda atigrada color gris y tenis color negros con naranja; sin embargo no contaba con su extremidad superior, misma que no fue localizada en el lugar.<br>Los uniformados encontraron un cuchillo tipo cebollero de aproximadamente 40 cent\u00edmetros de largo, con mango de pl\u00e1stico, haciendo del conocimiento del agente del Ministerio P\u00fablico de Homicidios de Iztapalapa-5, que lo turn\u00f3 a la Fiscal\u00eda de Investigaci\u00f3n del Delito de Feminicidio.<br>(Informaci\u00f3n de \u201cLa Jornada\u201d)<\/p>\n","protected":false},"excerpt":{"rendered":"<p>Redacci\u00f3n\/Zona Roja Cdmx. Ciudad de M\u00e9xico, a 29 de febrero de 2024.- La Fiscal\u00eda General&hellip;<\/p>\n","protected":false},"author":2,"featured_media":48309,"comment_status":"closed","ping_status":"open","sticky":false,"template":"","format":"standard","meta":{"_lmt_disableupdate":"","_lmt_disable":"","_jetpack_memberships_contains_paid_content":false,"footnotes":""},"categories":[109,51],"tags":[1746],"class_list":["post-65783","post","type-post","status-publish","format-standard","has-post-thumbnail","hentry","category-minuto-a-minuto","category-zona-roja","tag-violencia-en-mexico"],"jetpack_featured_media_url":"https:\/\/zonaroja.com.mx\/wp-content\/uploads\/2022\/11\/Escena-crimen-violencia-homicidio.jpg","jetpack_sharing_enabled":true,"_links":{"self":[{"href":"https:\/\/zonaroja.com.mx\/index.php?rest_route=\/wp\/v2\/posts\/65783","targetHints":{"allow":["GET"]}}],"collection":[{"href":"https:\/\/zonaroja.com.mx\/index.php?rest_route=\/wp\/v2\/posts"}],"about":[{"href":"https:\/\/zonaroja.com.mx\/index.php?rest_route=\/wp\/v2\/types\/post"}],"author":[{"embeddable":true,"href":"https:\/\/zonaroja.com.mx\/index.php?rest_route=\/wp\/v2\/users\/2"}],"replies":[{"embeddable":true,"href":"https:\/\/zonaroja.com.mx\/index.php?rest_route=%2Fwp%2Fv2%2Fcomments&post=65783"}],"version-history":[{"count":1,"href":"https:\/\/zonaroja.com.mx\/index.php?rest_route=\/wp\/v2\/posts\/65783\/revisions"}],"predecessor-version":[{"id":65784,"href":"https:\/\/zonaroja.com.mx\/index.php?rest_route=\/wp\/v2\/posts\/65783\/revisions\/65784"}],"wp:featuredmedia":[{"embeddable":true,"href":"https:\/\/zonaroja.com.mx\/index.php?rest_route=\/wp\/v2\/media\/48309"}],"wp:attachment":[{"href":"https:\/\/zonaroja.com.mx\/index.php?rest_route=%2Fwp%2Fv2%2Fmedia&parent=65783"}],"wp:term":[{"taxonomy":"category","embeddable":true,"href":"https:\/\/zonaroja.com.mx\/index.php?rest_route=%2Fwp%2Fv2%2Fcategories&post=65783"},{"taxonomy":"post_tag","embeddable":true,"href":"https:\/\/zonaroja.com.mx\/index.php?rest_route=%2Fwp%2Fv2%2Ftags&post=65783"}],"curies":[{"name":"wp","href":"https:\/\/api.w.org\/{rel}","templated":true}]}}