{"id":65785,"date":"2024-02-29T09:19:00","date_gmt":"2024-02-29T15:19:00","guid":{"rendered":"http:\/\/www.zonaroja.com.mx\/?p=65785"},"modified":"2024-02-29T07:23:45","modified_gmt":"2024-02-29T13:23:45","slug":"opinion-el-aseguramiento-de-la-sede-de-la-cnop-desnuda-el-fuego-amigo-en-morena","status":"publish","type":"post","link":"https:\/\/zonaroja.com.mx\/?p=65785","title":{"rendered":"Opini\u00f3n. El aseguramiento de la sede de la CNOP desnuda\u00a0el\u00a0fuego amigo en Morena\u00a0"},"content":{"rendered":"\n<p>Adri\u00e1n Ortiz Romero Cuevas*<\/p>\n\n\n\n<p>La madrugada del lunes elementos de la Agencia Estatal de Investigaciones aseguraron el inmueble que durante d\u00e9cadas ha servido como sede del sector popular del PRI en Oaxaca. La CNOP asegura que la posesi\u00f3n y propiedad del predio les pertenece, a pesar de que el gobierno estatal&nbsp;lo&nbsp;reclama&nbsp;como parte del patrimonio p\u00fablico. No obstante, lo que parece claro es que las casualidades no existen y que esta es una respuesta entre facciones morenistas frente a los acuerdos y recientes los acomodos entre los candidatos de dicho partido.&nbsp;<\/p>\n\n\n\n<p>En efecto, en la tarde la dirigencia del sector popular del PRI emiti\u00f3 un posicionamiento en el que asegura que la posesi\u00f3n del inmueble les pertenece y que para ello se desahog\u00f3 un juicio en la v\u00eda de informaciones de dominio en 1994, y que desde entonces pagan regularmente los impuestos y las obligaciones propias de dicha propiedad.&nbsp;Horas antes, al darse a conocer la intervenci\u00f3n de los agentes estatales en dicho inmueble, se hab\u00eda informado que \u00e9ste presentaba problemas legales desde hace m\u00e1s de setenta a\u00f1os, y que la Beneficencia P\u00fablica del Estado era albacea de dicho inmueble. Al final, tanto el gobierno como la CNOP tendr\u00e1n que resolver en un tribunal qui\u00e9n de ellos tiene la raz\u00f3n.<\/p>\n\n\n\n<p>Lo que llama la atenci\u00f3n, es la carga pol\u00edtica de dicho movimiento. \u00bfPor qu\u00e9? Porque Francisco \u00c1ngel Villarreal es el dirigente de ese sector priista, y ha sido uno de los personajes de la anterior administraci\u00f3n a los que m\u00e1s se\u00f1ala y acusa el gobernador Salom\u00f3n Jara Cruz en sus conferencias de cada inicio de semana. B\u00e1sicamente, lo ubica como un personero de Jos\u00e9 Murat, y que era una de las personas que m\u00e1s&nbsp;serv\u00edan&nbsp;a sus intereses.&nbsp;Lo ha se\u00f1alado por su gesti\u00f3n en el IEEPO e incluso lo ha acusado de ser quien controla o manipula algunas cuentas de redes sociales que atacan a todos en Oaxaca.<\/p>\n\n\n\n<p>Lo cierto es que, en lo que no est\u00e1 equivocado el gobernador Jara, es en ubicarlo como un agente del muratismo. Tan lo es que por eso le fue otorgada la representaci\u00f3n de la CNOP en la entidad,&nbsp;y es uno de los personajes que m\u00e1s c\u00f3modamente se ha movido en las ant\u00edpodas del r\u00e9gimen actual.&nbsp;De hecho, es el \u00fanico representante del muratismo que hoy en d\u00eda ostenta un cargo partidista en el PRI oaxaque\u00f1o, y ha sido uno de los pocos personajes a los que&nbsp;les&nbsp;han buscado cobijo frente a las pretensiones de la administraci\u00f3n&nbsp;jarista.<\/p>\n\n\n\n<p>Eso no es todo, ni es lo m\u00e1s relevante. Apenas el jueves pasado el Comit\u00e9 Ejecutivo Nacional de Morena formaliz\u00f3 la candidatura&nbsp;plurinominal&nbsp;del exgobernador Alejandro Murat para ser Senador de la Rep\u00fablica. Dicha decisi\u00f3n cay\u00f3 muy mal en Oaxaca porque no fue un movimiento consensado con el Gobernador del Estado, sino que m\u00e1s&nbsp;bien fue producto de un acuerdo cupular entre los Murat y el presidente Andr\u00e9s Manuel L\u00f3pez Obrador.&nbsp;Dicha incorporaci\u00f3n pone a Alejandro Murat y a Salom\u00f3n Jara en la misma l\u00ednea pol\u00edtica, y en el mismo partido. Por eso, la requisa al inmueble de la CNOP bien puede verse, adem\u00e1s, como un acto de fuego amigo entre morenistas.<\/p>\n\n\n\n<p>LAS LISTAS PLURI, UN DOLOR DE CABEZA<\/p>\n\n\n\n<p>En la suma y resta de las posiciones para el Senado por Morena, no le fue nada bien al Gobernador Jara. Si bien logr\u00f3 montar a Antonino Morales Toledo como cabeza de la f\u00f3rmula, desde la c\u00fapula del poder presidencial se decidi\u00f3 que la compa\u00f1era de f\u00f3rmula no ser\u00eda Laura Estrada Mauro sino Luis Cort\u00e9s Garc\u00eda.&nbsp;<\/p>\n\n\n\n<p>Luego, se decidi\u00f3 igualmente desde la capital del pa\u00eds que la Senadora Susana&nbsp;Harp&nbsp;repetir\u00eda en un esca\u00f1o de la c\u00e1mara alta pero ahora como parte de las candidaturas por la v\u00eda de la representaci\u00f3n proporcional. Y el \u00faltimo golpe se dio con la sorpresiva inclusi\u00f3n del exgobernador Alejandro Murat a esa misma lista en la posici\u00f3n n\u00famero 11, la cual, si bien no es de las de mayor peso, s\u00ed tiene muchas garant\u00edas de poder conseguir el acceso al Senado.&nbsp;<\/p>\n\n\n\n<p>En ese mismo sentido, la suma y resta para Oaxaca tampoco tiene mucho eco en las listas de candidatos de representaci\u00f3n proporcional a diputaciones federales. B\u00e1sicamente no hubo oaxaque\u00f1os relevantes en las listas ni de Morena, ni del Partido Verde, ni del PT; las posiciones tendr\u00e1n que jugarse en las urnas. Tales son los casos de todos los conocidos como Benjam\u00edn Robles Montoya, Ra\u00fal Bola\u00f1os Cacho&nbsp;Cu\u00e9y todos los que a\u00fan faltan por revelarse conforme vayan avanzando los tiempos pol\u00edticos.<\/p>\n\n\n\n<p>Quiz\u00e1 por eso el gobernador Jara no ha tenido empacho en dejar ver que los acuerdos cupulares de Jos\u00e9 Murat con la dirigencia nacional de Morena y con la Presidencia de la Rep\u00fablica, nada tienen que ver con \u00e9l y que por esa raz\u00f3n \u00e9l no dejar\u00e1 de se\u00f1alar a la administraci\u00f3n anterior ni darle tregua a los exfuncionarios que tienen cuentas pendientes. Alejandro Murat, por su parte, ha dejado claro que el \u00fanico futuro que le interesa es el propio, y por esa raz\u00f3n no ha movido un dedo para defender a algunos de sus colaboradores en el gobierno de Oaxaca que ahora enfrentan problemas con la justicia.&nbsp;<\/p>\n\n\n\n<p>EPITAFIO&nbsp;<\/p>\n\n\n\n<p>El PRI tiene que&nbsp;revisar bien&nbsp;la situaci\u00f3n jur\u00eddica&nbsp;de sus dem\u00e1s inmuebles, particularmente de la vieja casona de Santa Rosa, las oficinas de la CTM, o la sede de la CNC&nbsp;localizada la calle de&nbsp;Leandro Valle, en el centro hist\u00f3rico de la capital oaxaque\u00f1a. El que un gobierno llegue y requise propiedades por irregularidades, no es algo nuevo ni raro en el pa\u00eds. En Puebla, el PRI perdi\u00f3, por esas mismas razones, las sedes de la CNC y de la CNOP. En Durango, adem\u00e1s, hace algunos a\u00f1os fue un esc\u00e1ndalo cuando se dio a conocer que ni las oficinas del Comit\u00e9 Directivo Estatal del PRI, ni las de la CNOP, y tampoco las de la CNC y la CTM eran propias. En muchos casos fueron inmuebles prestados de palabra o con comodatos irregulares. Quiz\u00e1 lo hicieron en el tiempo en que cre\u00edan que nunca iban a perder las elecciones\u2026 incre\u00edble.&nbsp;<\/p>\n\n\n\n<p>*Abogado y periodista.<\/p>\n\n\n\n<p>@ortizromeroc<\/p>\n\n\n\n<p>@columnaalmargen<\/p>\n","protected":false},"excerpt":{"rendered":"<p>Adri\u00e1n Ortiz Romero Cuevas* La madrugada del lunes elementos de la Agencia Estatal de Investigaciones&hellip;<\/p>\n","protected":false},"author":2,"featured_media":41727,"comment_status":"closed","ping_status":"open","sticky":false,"template":"","format":"standard","meta":{"_lmt_disableupdate":"","_lmt_disable":"","_jetpack_memberships_contains_paid_content":false,"footnotes":""},"categories":[456,109],"tags":[2994],"class_list":["post-65785","post","type-post","status-publish","format-standard","has-post-thumbnail","hentry","category-columna","category-minuto-a-minuto","tag-adrian-ortiz-romero-cuevas"],"jetpack_featured_media_url":"https:\/\/zonaroja.com.mx\/wp-content\/uploads\/2022\/05\/268ff40f-0d29-460d-b639-fc8eebaa17a4.jpg","jetpack_sharing_enabled":true,"_links":{"self":[{"href":"https:\/\/zonaroja.com.mx\/index.php?rest_route=\/wp\/v2\/posts\/65785","targetHints":{"allow":["GET"]}}],"collection":[{"href":"https:\/\/zonaroja.com.mx\/index.php?rest_route=\/wp\/v2\/posts"}],"about":[{"href":"https:\/\/zonaroja.com.mx\/index.php?rest_route=\/wp\/v2\/types\/post"}],"author":[{"embeddable":true,"href":"https:\/\/zonaroja.com.mx\/index.php?rest_route=\/wp\/v2\/users\/2"}],"replies":[{"embeddable":true,"href":"https:\/\/zonaroja.com.mx\/index.php?rest_route=%2Fwp%2Fv2%2Fcomments&post=65785"}],"version-history":[{"count":1,"href":"https:\/\/zonaroja.com.mx\/index.php?rest_route=\/wp\/v2\/posts\/65785\/revisions"}],"predecessor-version":[{"id":65786,"href":"https:\/\/zonaroja.com.mx\/index.php?rest_route=\/wp\/v2\/posts\/65785\/revisions\/65786"}],"wp:featuredmedia":[{"embeddable":true,"href":"https:\/\/zonaroja.com.mx\/index.php?rest_route=\/wp\/v2\/media\/41727"}],"wp:attachment":[{"href":"https:\/\/zonaroja.com.mx\/index.php?rest_route=%2Fwp%2Fv2%2Fmedia&parent=65785"}],"wp:term":[{"taxonomy":"category","embeddable":true,"href":"https:\/\/zonaroja.com.mx\/index.php?rest_route=%2Fwp%2Fv2%2Fcategories&post=65785"},{"taxonomy":"post_tag","embeddable":true,"href":"https:\/\/zonaroja.com.mx\/index.php?rest_route=%2Fwp%2Fv2%2Ftags&post=65785"}],"curies":[{"name":"wp","href":"https:\/\/api.w.org\/{rel}","templated":true}]}}