{"id":65789,"date":"2024-02-29T11:25:00","date_gmt":"2024-02-29T17:25:00","guid":{"rendered":"http:\/\/www.zonaroja.com.mx\/?p=65789"},"modified":"2024-02-29T07:49:23","modified_gmt":"2024-02-29T13:49:23","slug":"fuera-sesion-legislativa-de-animos-calientes-contra-samuel-gurrion","status":"publish","type":"post","link":"https:\/\/zonaroja.com.mx\/?p=65789","title":{"rendered":"\u00a1Fuera! Sesi\u00f3n legislativa de \u00e1nimos calientes contra Samuel Gurri\u00f3n\u00a0"},"content":{"rendered":"\n<p>Yuridiana Sosa\/Zona Roja.<\/p>\n\n\n\n<p>Oaxaca de Ju\u00e1rez, Oax., 29 de febrero de 2024.- En medio de una r\u00e1pida sesi\u00f3n ordinaria del Congreso del Estado, que transcurr\u00eda sin contratiempos, los \u00e1nimos se calentaron contra el presidente de la Mesa Directiva de la 65 Legislatura, Samuel Gurri\u00f3n, quien a capricho y sin argumentos, desech\u00f3 una propuesta de votaci\u00f3n que solicit\u00f3 el diputado Freddy Gil Pineda Gopar.<\/p>\n\n\n\n<p>La disputa entre ambos legisladores se origin\u00f3 ante la petici\u00f3n del priista Pineda Gopar para que su punto de acuerdo para un exhorto fuera considerado de urgente y obvia resoluci\u00f3n.<\/p>\n\n\n\n<p>Ni la intervenci\u00f3n de otros diputados logr\u00f3 que el ex priista Samuel Gurri\u00f3n accediera a poner a consideraci\u00f3n del pleno del Congreso dicha propuesta, pues justific\u00f3 que el reglamento no lo permite.<\/p>\n\n\n\n<p>\u201c\u00a1Fuera Samuel Gurri\u00f3n!\u201d, \u201c\u00a1Fuera!, \u00a1Fuera!, \u00a1Fuera!\u201d, se escuch\u00f3 desde las curules.<\/p>\n\n\n\n<p>LA DENUNCIA<\/p>\n\n\n\n<p>Pineda Gopar solicit\u00f3 un exhorto a la Secretar\u00eda de Bienestar del Poder Ejecutivo Federal y a la delegada estatal Oaxaca de Bienestar para que intervengan e investiguen posibles casos de corrupci\u00f3n &nbsp;en \u201cPrograma Beca para el Bienestar Benito Ju\u00e1rez de Educaci\u00f3n B\u00e1sica\u201d.<\/p>\n\n\n\n<p>As\u00ed como para la Secretar\u00eda de la Funci\u00f3n P\u00fablica y a la Fiscal\u00eda Especializada en Materia de Combate a la Corrupci\u00f3n de la Fiscal\u00eda General de la Rep\u00fablica para que en sus facultades investiguen posibles casos de corrupci\u00f3n del programa \u201cBeca para el Bienestar Benito Ju\u00e1rez de Educaci\u00f3n B\u00e1sica\u201d y malversaci\u00f3n de recursos p\u00fablicos.<\/p>\n\n\n\n<p>Todo ello ante la denuncia que recibi\u00f3 por parte de una madre de familia, quien con documentos que lo demuestran, se\u00f1al\u00f3 que la beca para su hija Janet Quevedo la est\u00e1 cobrando otro tutor.<\/p>\n\n\n\n<p>El diputado expuso que de acuerdo a las afectadas, la beca se solicit\u00f3 el 18 de septiembre de 2023, pero que en diciembre del mismo a\u00f1o el checar el estatus de su solicitud se percataron que su hija ya estaba inscrita en el programa de becas, pero con un tutor diferente, quien est\u00e1 recibiendo dicho beneficio.<\/p>\n\n\n\n<p>\u201cCreo que hay que ir al fondo, porque no s\u00e9 cu\u00e1ntos casos como estos puede haber, independiente de los que administran este programa, puede haber alg\u00fan tipo de corrupci\u00f3n, que puedan estar cobrando tutores diferentes con papeles de ni\u00f1os y otros nombres\u201d, expuso el priista.<\/p>\n\n\n\n<p>Por ello llam\u00f3 a que su punto de acuerdo fuera considerado de urgente y obvia resoluci\u00f3n.<\/p>\n\n\n\n<p>LA CONFRONTACI\u00d3N<\/p>\n\n\n\n<p>La exposici\u00f3n de motivos fue insuficiente para que el presidente de la Mesa Directiva, Samuel Gurri\u00f3n del Partido Verde Ecologista de M\u00e9xico, considerara lo dicho por Freddy Gil Pineda.<\/p>\n\n\n\n<p>\u201cDiputado Freddy su coordinador no lleg\u00f3, no est\u00e1 considerado de urgente y obvia en la Junta de Coordinaci\u00f3n Pol\u00edtica\u201d, respondi\u00f3 Samuel Gurri\u00f3n.<\/p>\n\n\n\n<p>Pineda Gopar insisti\u00f3. \u201cPero aqu\u00ed viene y dice que fue solicitado y si el Pleno lo quiere lo puede autorizar, o que&nbsp; lo desech\u00e9 el Pleno, s\u00f3lo pido que se someta a votaci\u00f3n y si el Pleno lo desecha yo no tengo ninguna oposici\u00f3n de acatar la decisi\u00f3n&nbsp; m\u00e1xima autoridad del Congreso\u201d.<\/p>\n\n\n\n<p>Ante este panorama, otros diputados y diputadas intervinieron y se posicionaron a favor de que se sometiera a votaci\u00f3n del Pleno; \u201cSom\u00e9talo presidente\u201d, \u201cQue se pase de urgente y obvia\u201d, \u201c\u00a1Som\u00e9talo ya!\u201d, \u201c\u00a1Som\u00e9talo!\u201d, se escuch\u00f3 desde las curules.<\/p>\n\n\n\n<p>Pero Samuel Gurri\u00f3n no cambi\u00f3 de parecer. \u201cEs facultad de la Jucopo\u2026no se acord\u00f3\u2026no podemos estar rompiendo el reglamento\u201d.<\/p>\n\n\n\n<p>Ya sin paciencia, el pol\u00e9mico diputado priista volvi\u00f3 a intervenir y se\u00f1al\u00f3 que el Pleno es la m\u00e1xima autoridad, \u201cyo no lo quise hacer m\u00e1s pol\u00e9mico, \u00fanicamente que es un derecho, som\u00e9telo y ya\u201d.<\/p>\n\n\n\n<p>Ante la negativa de Samuel Gurri\u00f3n Freddy Gil Pineda respondi\u00f3 que \u201cpor encima de la junta est\u00e1 el Pleno si no, no tendr\u00eda caso que vengamos a este Pleno si todos lo van a acordar ustedes\u201d.<\/p>\n\n\n\n<p>Con una obvia molestia, el presidente de la Mesa respondi\u00f3 al diputado: \u201cUsted eligi\u00f3 un coordinador y tiene que esperar a lo que su coordinador determine en la Jucopo\u201d y antes que terminara de hablar el priista volvi\u00f3 a intervenir.<\/p>\n\n\n\n<p>\u201cIndependientemente que el Coordinador no haya estado, ustedes son diputados para todos, la mesa es para todos\u201d, insisti\u00f3 el priista.<\/p>\n\n\n\n<p>Pero la demanda fue omitida por Samuel Gurri\u00f3n, quien prefiri\u00f3 continuar la sesi\u00f3n y turnar el asunto a comisiones.<\/p>\n\n\n\n<p>Al tiempo que Samuel daba por finalizada la discusi\u00f3n al turnar el punto de acuerdo a la Comisi\u00f3n Permanente de Bienestar se escucharon las rechiflas de los diputados.<\/p>\n\n\n\n<p>Desde su lugar Freddy Gil volvi\u00f3 a interrumpir.<\/p>\n\n\n\n<p>\u201c\u00a1Fuera Samuel Gurri\u00f3n!\u201d, grit\u00f3 el priista, a lo que le siguieron en coro \u201c\u00a1Fuera!, \u00a1Fuera!, \u00a1Fuera!<\/p>\n","protected":false},"excerpt":{"rendered":"<p>Yuridiana Sosa\/Zona Roja. Oaxaca de Ju\u00e1rez, Oax., 29 de febrero de 2024.- En medio de&hellip;<\/p>\n","protected":false},"author":2,"featured_media":65792,"comment_status":"closed","ping_status":"open","sticky":false,"template":"","format":"standard","meta":{"_lmt_disableupdate":"","_lmt_disable":"","_jetpack_memberships_contains_paid_content":false,"footnotes":""},"categories":[109,47],"tags":[2743,1395],"class_list":["post-65789","post","type-post","status-publish","format-standard","has-post-thumbnail","hentry","category-minuto-a-minuto","category-zona-gris","tag-65-legislatura-del-estado-de-oaxaca","tag-samuel-gurrion-matias"],"jetpack_featured_media_url":"https:\/\/zonaroja.com.mx\/wp-content\/uploads\/2024\/02\/Sesion-congreso-samuel-gurrion.jpg","jetpack_sharing_enabled":true,"_links":{"self":[{"href":"https:\/\/zonaroja.com.mx\/index.php?rest_route=\/wp\/v2\/posts\/65789","targetHints":{"allow":["GET"]}}],"collection":[{"href":"https:\/\/zonaroja.com.mx\/index.php?rest_route=\/wp\/v2\/posts"}],"about":[{"href":"https:\/\/zonaroja.com.mx\/index.php?rest_route=\/wp\/v2\/types\/post"}],"author":[{"embeddable":true,"href":"https:\/\/zonaroja.com.mx\/index.php?rest_route=\/wp\/v2\/users\/2"}],"replies":[{"embeddable":true,"href":"https:\/\/zonaroja.com.mx\/index.php?rest_route=%2Fwp%2Fv2%2Fcomments&post=65789"}],"version-history":[{"count":1,"href":"https:\/\/zonaroja.com.mx\/index.php?rest_route=\/wp\/v2\/posts\/65789\/revisions"}],"predecessor-version":[{"id":65793,"href":"https:\/\/zonaroja.com.mx\/index.php?rest_route=\/wp\/v2\/posts\/65789\/revisions\/65793"}],"wp:featuredmedia":[{"embeddable":true,"href":"https:\/\/zonaroja.com.mx\/index.php?rest_route=\/wp\/v2\/media\/65792"}],"wp:attachment":[{"href":"https:\/\/zonaroja.com.mx\/index.php?rest_route=%2Fwp%2Fv2%2Fmedia&parent=65789"}],"wp:term":[{"taxonomy":"category","embeddable":true,"href":"https:\/\/zonaroja.com.mx\/index.php?rest_route=%2Fwp%2Fv2%2Fcategories&post=65789"},{"taxonomy":"post_tag","embeddable":true,"href":"https:\/\/zonaroja.com.mx\/index.php?rest_route=%2Fwp%2Fv2%2Ftags&post=65789"}],"curies":[{"name":"wp","href":"https:\/\/api.w.org\/{rel}","templated":true}]}}