{"id":65796,"date":"2024-02-29T12:54:00","date_gmt":"2024-02-29T18:54:00","guid":{"rendered":"http:\/\/www.zonaroja.com.mx\/?p=65796"},"modified":"2024-02-29T08:01:20","modified_gmt":"2024-02-29T14:01:20","slug":"logra-amparo-litigio-estrategico-conagua-tendra-que-rescatar-rio-santo-domingo","status":"publish","type":"post","link":"https:\/\/zonaroja.com.mx\/?p=65796","title":{"rendered":"Logra amparo Litigio Estrat\u00e9gico: Conagua tendr\u00e1 que rescatar r\u00edo \u201cSanto Domingo\u201d"},"content":{"rendered":"\n<p>Redacci\u00f3n\/Zona Roja.<\/p>\n\n\n\n<p>Oaxaca de Ju\u00e1rez, Oax., a 29 de febrero de 2024.- Ante la contaminaci\u00f3n prevaleciente en todos los r\u00edos de Oaxaca, Litigio Estrat\u00e9gico Ind\u00edgena A. C. decidi\u00f3 promover juicios de amparo por el rescate del r\u00edo \u201cSanto Domingo\u201d, afluente del r\u00edo \u201cPapaloapan\u201d.&nbsp;<\/p>\n\n\n\n<p>El d\u00eda 26 de febrero de 2024, el juez D\u00e9cimo primero de Distrito de Oaxaca en el juicio de amparo 783\/2022 concedi\u00f3 el amparo y orden\u00f3 el rescate del r\u00edo \u201cSanto Domingo\u201d.<\/p>\n\n\n\n<p>Federico Cohetero Montor es un pescador ind\u00edgena y activista de la comunidad de Santa \u00darsula. Preocupado por la contaminaci\u00f3n del r\u00edo \u201cSanto Domingo\u201d, en compa\u00f1\u00eda del abogado Miguel \u00c1ngel V\u00e1squez, decidi\u00f3 promover acciones jur\u00eddicas para el rescate y buscar a Litigio Estrat\u00e9gico Ind\u00edgena.<\/p>\n\n\n\n<p>Cinco personas de la comunidad decidieron acudir a la Comisi\u00f3n Nacional de los Derechos Humanos y promover juicios de amparo para rescatar de la contaminaci\u00f3n al afluente del r\u00edo \u201cPapaloapan\u201d.<\/p>\n\n\n\n<p>Ante el olvido de la Comisi\u00f3n Nacional del Agua y de la Secretar\u00eda del Medio Ambiente y Biodiversidad de Oaxaca, optaron en vez de ejercer protestas y manifestaciones, presentar acciones jur\u00eddicas ante las instancias correspondientes.<\/p>\n\n\n\n<p>El juicio de amparo fue presentado el 28 de junio de 2022 y despu\u00e9s de un largo litigio ante el juez federal, finalmente, el amparo fue concedido en primera instancia a Federico Cohetero Montor. Ahora la Conagua no tendr\u00e1 m\u00e1s opci\u00f3n que rescatar el r\u00edo \u201cSanto Domingo\u201d.<\/p>\n\n\n\n<p>Cabe recordar que Litigio Estrat\u00e9gico Ind\u00edgena es la asociaci\u00f3n que postula el rescate de los r\u00edos oaxaque\u00f1os contaminados y utiliza los mecanismos de protecci\u00f3n a los derechos humanos previstos en la Constituci\u00f3n: juicios de amparo, quejas ante la Comisi\u00f3n Nacional de los Derechos Humanos y juicios de responsabilidad ambiental.<\/p>\n\n\n\n<p>Mariana Y\u00e1\u00f1ez Unda, vicepresidenta de Litigio Estrat\u00e9gico Ind\u00edgena A.C. inform\u00f3 que la promoci\u00f3n de este tipo de amparos contra la contaminaci\u00f3n de los r\u00edos es una tarea muy necesaria y que tiene como finalidad, en primer lugar, colocar en la mesa del debate p\u00fablico, la situaci\u00f3n lamentable en que se encuentra el r\u00edo \u201cSanto Domingo\u201d y todo el r\u00edo \u201cPapaloapan\u201d, y, en segundo lugar, tiene como prop\u00f3sito que las autoridades se aboquen al rescate de los r\u00edos oaxaque\u00f1os.<\/p>\n\n\n\n<p>La abogada oaxaque\u00f1a Y\u00e1\u00f1ez Unda explic\u00f3 que en el juicio de amparo se logr\u00f3 evidenciar la profunda contaminaci\u00f3n del r\u00edo \u201cSanto Domingo\u201d y todo el proceso de eutrofizaci\u00f3n en el que se encuentra inmerso. Explic\u00f3 que la contaminaci\u00f3n se debe a la omisi\u00f3n de las autoridades que no dan cumplimiento a la normatividad ambiental y son permisivas respecto de la contaminaci\u00f3n.<\/p>\n","protected":false},"excerpt":{"rendered":"<p>Redacci\u00f3n\/Zona Roja. Oaxaca de Ju\u00e1rez, Oax., a 29 de febrero de 2024.- Ante la contaminaci\u00f3n&hellip;<\/p>\n","protected":false},"author":2,"featured_media":65797,"comment_status":"closed","ping_status":"open","sticky":false,"template":"","format":"standard","meta":{"_lmt_disableupdate":"","_lmt_disable":"","_jetpack_memberships_contains_paid_content":false,"footnotes":""},"categories":[109,46],"tags":[897],"class_list":["post-65796","post","type-post","status-publish","format-standard","has-post-thumbnail","hentry","category-minuto-a-minuto","category-zona-blanca","tag-litigio-estrategico-indigena"],"jetpack_featured_media_url":"https:\/\/zonaroja.com.mx\/wp-content\/uploads\/2024\/02\/Rio-Santo-Domingo-Oaxaca.jpg","jetpack_sharing_enabled":true,"_links":{"self":[{"href":"https:\/\/zonaroja.com.mx\/index.php?rest_route=\/wp\/v2\/posts\/65796","targetHints":{"allow":["GET"]}}],"collection":[{"href":"https:\/\/zonaroja.com.mx\/index.php?rest_route=\/wp\/v2\/posts"}],"about":[{"href":"https:\/\/zonaroja.com.mx\/index.php?rest_route=\/wp\/v2\/types\/post"}],"author":[{"embeddable":true,"href":"https:\/\/zonaroja.com.mx\/index.php?rest_route=\/wp\/v2\/users\/2"}],"replies":[{"embeddable":true,"href":"https:\/\/zonaroja.com.mx\/index.php?rest_route=%2Fwp%2Fv2%2Fcomments&post=65796"}],"version-history":[{"count":1,"href":"https:\/\/zonaroja.com.mx\/index.php?rest_route=\/wp\/v2\/posts\/65796\/revisions"}],"predecessor-version":[{"id":65798,"href":"https:\/\/zonaroja.com.mx\/index.php?rest_route=\/wp\/v2\/posts\/65796\/revisions\/65798"}],"wp:featuredmedia":[{"embeddable":true,"href":"https:\/\/zonaroja.com.mx\/index.php?rest_route=\/wp\/v2\/media\/65797"}],"wp:attachment":[{"href":"https:\/\/zonaroja.com.mx\/index.php?rest_route=%2Fwp%2Fv2%2Fmedia&parent=65796"}],"wp:term":[{"taxonomy":"category","embeddable":true,"href":"https:\/\/zonaroja.com.mx\/index.php?rest_route=%2Fwp%2Fv2%2Fcategories&post=65796"},{"taxonomy":"post_tag","embeddable":true,"href":"https:\/\/zonaroja.com.mx\/index.php?rest_route=%2Fwp%2Fv2%2Ftags&post=65796"}],"curies":[{"name":"wp","href":"https:\/\/api.w.org\/{rel}","templated":true}]}}