{"id":6580,"date":"2019-12-11T18:07:09","date_gmt":"2019-12-12T00:07:09","guid":{"rendered":"http:\/\/www.zonaroja.com.mx\/?p=6580"},"modified":"2019-12-11T18:07:12","modified_gmt":"2019-12-12T00:07:12","slug":"paralizado-el-congreso-de-oaxaca-por-analisis-del-paquete-fiscal-2020","status":"publish","type":"post","link":"https:\/\/zonaroja.com.mx\/?p=6580","title":{"rendered":"Paralizado el Congreso de Oaxaca, por an\u00e1lisis del paquete fiscal 2020"},"content":{"rendered":"\n<p>Redacci\u00f3n\/Zona Roja.<\/p>\n\n\n\n<p>Oaxaca de Ju\u00e1rez, Oax., 11 de diciembre\nde 2019.- A 24 horas de iniciada la sesi\u00f3n extraordinaria de la 64 Legislatura\npara analizar el paquete fiscal, la asamblea permanece suspendida y este\nmi\u00e9rcoles tampoco hubo sesi\u00f3n ordinaria.<\/p>\n\n\n\n<p>Este mi\u00e9rcoles, una comisi\u00f3n de\ndiputados, encabezados por el presidente de la Junta de Coordinaci\u00f3n Pol\u00edtica,\nHoracio Sosa Villavicencio, se reuni\u00f3 en privado con el titular de la\nSecretar\u00eda de Finanzas, Vicente Mendoza.<\/p>\n\n\n\n<p>En un comunicado, el legislador por el\nPartido Morena se\u00f1al\u00f3 que desde el Legislativo impulsar\u00e1n la construcci\u00f3n de un\npresupuesto responsable, acorde a lo que requiere Oaxaca.<\/p>\n\n\n\n<p>Despu\u00e9s de sostener un encuentro entre y\nel titular de Finanzas del Gobierno del Estado, Sosa Villavicencio inform\u00f3 que\nse tuvieron avances y adelant\u00f3 que tendr\u00e1n pr\u00f3ximas reuniones para decirle no a\nlos impuestos.<\/p>\n\n\n\n<p>\u201cSe aclararon algunas dudas sobre los\nimpuestos que han estado en la opini\u00f3n p\u00fablica y que a los diputados les tocar\u00e1\nvotar en contra, porque no los quiere la ciudadan\u00eda y los diversos sectores\u201d,\nprecis\u00f3.<\/p>\n\n\n\n<p>Reafirm\u00f3 que \u201cno van los impuestos al\nhospedaje, al ejercicio de las profesiones y la reconstrucci\u00f3n, al contrario,\nestamos tratando de construir un presupuesto responsable para Oaxaca y que en\nlos pr\u00f3ximos d\u00edas estar\u00e1 listo\u201d.<\/p>\n\n\n\n<p>Hasta el momento no hay fecha ni hora de\nla reanudaci\u00f3n de la asamblea extraordinaria.<\/p>\n","protected":false},"excerpt":{"rendered":"<p>Redacci\u00f3n\/Zona Roja. Oaxaca de Ju\u00e1rez, Oax., 11 de diciembre de 2019.- A 24 horas de&hellip;<\/p>\n","protected":false},"author":2,"featured_media":6581,"comment_status":"closed","ping_status":"open","sticky":false,"template":"","format":"standard","meta":{"_lmt_disableupdate":"","_lmt_disable":"","_jetpack_memberships_contains_paid_content":false,"footnotes":""},"categories":[109,47],"tags":[213,444],"class_list":["post-6580","post","type-post","status-publish","format-standard","has-post-thumbnail","hentry","category-minuto-a-minuto","category-zona-gris","tag-64-legislatura-de-oaxaca","tag-horacio-sosa-villavicencio"],"jetpack_featured_media_url":"https:\/\/zonaroja.com.mx\/wp-content\/uploads\/2019\/12\/WhatsApp-Image-2019-12-11-at-16.56.09.jpeg","jetpack_sharing_enabled":true,"_links":{"self":[{"href":"https:\/\/zonaroja.com.mx\/index.php?rest_route=\/wp\/v2\/posts\/6580","targetHints":{"allow":["GET"]}}],"collection":[{"href":"https:\/\/zonaroja.com.mx\/index.php?rest_route=\/wp\/v2\/posts"}],"about":[{"href":"https:\/\/zonaroja.com.mx\/index.php?rest_route=\/wp\/v2\/types\/post"}],"author":[{"embeddable":true,"href":"https:\/\/zonaroja.com.mx\/index.php?rest_route=\/wp\/v2\/users\/2"}],"replies":[{"embeddable":true,"href":"https:\/\/zonaroja.com.mx\/index.php?rest_route=%2Fwp%2Fv2%2Fcomments&post=6580"}],"version-history":[{"count":1,"href":"https:\/\/zonaroja.com.mx\/index.php?rest_route=\/wp\/v2\/posts\/6580\/revisions"}],"predecessor-version":[{"id":6582,"href":"https:\/\/zonaroja.com.mx\/index.php?rest_route=\/wp\/v2\/posts\/6580\/revisions\/6582"}],"wp:featuredmedia":[{"embeddable":true,"href":"https:\/\/zonaroja.com.mx\/index.php?rest_route=\/wp\/v2\/media\/6581"}],"wp:attachment":[{"href":"https:\/\/zonaroja.com.mx\/index.php?rest_route=%2Fwp%2Fv2%2Fmedia&parent=6580"}],"wp:term":[{"taxonomy":"category","embeddable":true,"href":"https:\/\/zonaroja.com.mx\/index.php?rest_route=%2Fwp%2Fv2%2Fcategories&post=6580"},{"taxonomy":"post_tag","embeddable":true,"href":"https:\/\/zonaroja.com.mx\/index.php?rest_route=%2Fwp%2Fv2%2Ftags&post=6580"}],"curies":[{"name":"wp","href":"https:\/\/api.w.org\/{rel}","templated":true}]}}