{"id":65801,"date":"2024-02-29T14:09:00","date_gmt":"2024-02-29T20:09:00","guid":{"rendered":"http:\/\/www.zonaroja.com.mx\/?p=65801"},"modified":"2024-02-29T08:11:01","modified_gmt":"2024-02-29T14:11:01","slug":"opinion-la-seccion-22-sin-respaldo-popular","status":"publish","type":"post","link":"https:\/\/zonaroja.com.mx\/?p=65801","title":{"rendered":"Opini\u00f3n. La\u00a0Secci\u00f3n\u00a022\u00a0sin respaldo popular"},"content":{"rendered":"\n<p>N\u00e9stor Y. S\u00e1nchez Islas<\/p>\n\n\n\n<p>Que la Secci\u00f3n 22 realice bloqueos se ha convertido en parte de nuestra realidad cotidiana por los \u00faltimos 45 a\u00f1os. Pero no por ser cotidiano resulta normal ni bueno. Vale la pena hacerse algunas preguntas.<\/p>\n\n\n\n<p>\u00bfQui\u00e9nes fuera de su gremio se han beneficiado de su lucha? \u00bfHa habido una modificaci\u00f3n de la estructura social&nbsp;o mejoramiento de la educaci\u00f3n? \u00bfEl discurso radical lo sigue siendo o ya es un&nbsp;rollo&nbsp;conservador?\u00bfHan emancipado a campesinos y obreros?<\/p>\n\n\n\n<p>Responder a preguntas como estas&nbsp;desmitifica el car\u00e1cter popular&nbsp;y democr\u00e1tico&nbsp;de su lucha, como pretendieron hacernos creer en 2006&nbsp;con&nbsp;la creaci\u00f3n de esa fachada mercenaria que se llam\u00f3&nbsp;\u201cAsamblea Popular del Pueblo&nbsp;de&nbsp;Oaxaca\u201d, APO. Fuera de ellos nadie ha obtenido beneficio alguno, por tanto, su lucha se reduce a la creaci\u00f3n de conflicto para la manutenci\u00f3n de privilegios a costa de todos nosotros.<\/p>\n\n\n\n<p>A pesar de que los cambios estructurales suelen ser lentos, ya han pasado m\u00e1s de 40 a\u00f1os del surgimiento de su \u201cMovimiento Democr\u00e1tico\u201d y las estructuras sociales y econ\u00f3micas del Oaxaca siguen m\u00e1s o menos igual&nbsp;y,&nbsp;las modificaciones&nbsp;que,&nbsp;si se perciben,&nbsp;le deben m\u00e1s a las remesas de los que migraron&nbsp;que&nbsp;a la lucha de ellos. No se ha revertido ni la desigualdad, ni la pobreza ni el bajo nivel educativo del estado. El discurso que en los a\u00f1os 80 fue radical&nbsp;no ha cambiado,&nbsp;sigue siendo el mismo, pero cuarenta a\u00f1os despu\u00e9s se ha vuelto conservador porque se limita a&nbsp;mantener las canonj\u00edas&nbsp;que sucesivos gobiernos cobardes les han dado como lo fue el de Heladio Ram\u00edrez L\u00f3pez y la entrega del IEEPO&nbsp;o el exceso de crear una fiscal\u00eda especial para ellos cuya labor siempre fue evitar que recibieran castigo ante los cr\u00edmenes que han cometido.<\/p>\n\n\n\n<p>Quisieron realizar una ruptura radical, no lo consiguieron porque desperdiciaron la base social que alguna vez tuvieron&nbsp;por&nbsp;los excesos cometidos por su clase dirigente. No son obreros ni campesinos, son una burocracia dorada que, de acuerdo&nbsp;con&nbsp;los c\u00e1nones de su anhelo izquierdista, ser\u00edan ellos&nbsp;la clase dominante en una sociedad con&nbsp;dos&nbsp;clases:&nbsp;la burocracia&nbsp;y el pueblo pauperizado y sometido.<\/p>\n\n\n\n<p>Se esperar\u00eda que hubieran provocado un cambio estructural que hoy ver\u00edamos reflejado directamente en el nivel educativo estatal e indirectamente en el nivel de vida de las familias de todos los que no pertenecen a su sindicato. Para que se les considere revolucionarios, como ellos lo creen cuando se miran al espejo, \u00e9ste debi\u00f3 haber&nbsp;beneficiado&nbsp;a todos los niveles de la sociedad, cosa que la realidad niega de forma rotunda.<\/p>\n\n\n\n<p>Con sus acciones pueden suspender las clases, pero no pueden suspender el aprendizaje de sus alumnos ni mucho menos la generaci\u00f3n de conocimiento; no depende de ellos y se realiza a pesar de ellos.<\/p>\n\n\n\n<p>Si bien no han creado ninguna instituci\u00f3n&nbsp;alguna&nbsp;si han creado una cultura deformada y una imagen falsa al exterior sobre lo que es Oaxaca. Han introducido y la gente ha adoptado sus barbarismos como los son sus&nbsp;verbos&nbsp;\u201caperturar, accionar&nbsp;y&nbsp;coberturar\u201d&nbsp;adem\u00e1s de&nbsp;la cultura de la desobediencia c\u00edvica y el desconocimiento de leyes que ellos juzgan injustas porque as\u00ed les conviene, la ocupaci\u00f3n y destrucci\u00f3n de espacios p\u00fablicos adem\u00e1s de la protecci\u00f3n a grupos clientelares, como los ambulantes, que les son \u00fatiles como sicarios o golpeadores.<\/p>\n\n\n\n<p>Han creado una realidad discursiva que todav\u00eda tiene buen nivel de penetraci\u00f3n. Han contado con la simpat\u00eda de acad\u00e9micos, documentalistas, periodistas extranjeros y escritores que convirtieron su revuelta en un s\u00edmbolo de movimiento social. Diego Enrique Osorno afirm\u00f3 que lo del 2006 era la primera gran revoluci\u00f3n social del siglo XXI. Todo esa imagen creo una percepci\u00f3n que se ha desdibujado. La base social con la que cuenta se limita a ellos y sus familias, la gente a la que impiden&nbsp;transitar&nbsp;los detesta abiertamente. Los testimonios en las redes sociales lo hacen ver con toda rudeza.<\/p>\n\n\n\n<p>La situaci\u00f3n que hoy vivimos ya no soporta los desplantes de esa clase dorada. Nuestra sociedad asalariada es la base de nuestra organizaci\u00f3n&nbsp;civil&nbsp;y nuestra vida econ\u00f3mica depende de la movilidad y las comunicaciones. Cada que atentan contra ella, desde quienes vienen a vender sus productos&nbsp;del campo hasta quienes laboran en alguna instituci\u00f3n no se cansan de maldecirlos. Base social ya no tienen y ahora, con el pretexto de entregar vales para uniformes quieren tomar una bandera social&nbsp;y&nbsp;legitimadora&nbsp;que hace mucho perdieron. Su lucha es conservadora, hablando en los mismos t\u00e9rminos de su presidente.<\/p>\n\n\n\n<p>ENCIMA DE LA LEY.<\/p>\n\n\n\n<p>Es grave lo que est\u00e1 pasando.&nbsp;A los se\u00f1alamiento de corrupci\u00f3n ahora&nbsp;se&nbsp;suman los de&nbsp;haber&nbsp;recibido dinero del narco. El presidente est\u00e1 enfurecido y, en su enojo, afirm\u00f3 cosas muy graves que, ni en \u00e9l ni en ning\u00fan otro presidente debemos aceptar. \u00c9l no est\u00e1 por encima de la ley, deber\u00eda ser el primero en subordinarse a ella y cumplirla.&nbsp;No tiene&nbsp;ninguna facultad para declararse moralmente superior a nadie.<\/p>\n\n\n\n<p>nestoryuri@yahoo.com<\/p>\n","protected":false},"excerpt":{"rendered":"<p>N\u00e9stor Y. S\u00e1nchez Islas Que la Secci\u00f3n 22 realice bloqueos se ha convertido en parte&hellip;<\/p>\n","protected":false},"author":2,"featured_media":41861,"comment_status":"closed","ping_status":"open","sticky":false,"template":"","format":"standard","meta":{"_lmt_disableupdate":"","_lmt_disable":"","_jetpack_memberships_contains_paid_content":false,"footnotes":""},"categories":[456,109],"tags":[3050],"class_list":["post-65801","post","type-post","status-publish","format-standard","has-post-thumbnail","hentry","category-columna","category-minuto-a-minuto","tag-nestor-yuri-sanchez"],"jetpack_featured_media_url":"https:\/\/zonaroja.com.mx\/wp-content\/uploads\/2022\/05\/Opinion-Nestor-Yuri-Sanchez-Islas.jpg","jetpack_sharing_enabled":true,"_links":{"self":[{"href":"https:\/\/zonaroja.com.mx\/index.php?rest_route=\/wp\/v2\/posts\/65801","targetHints":{"allow":["GET"]}}],"collection":[{"href":"https:\/\/zonaroja.com.mx\/index.php?rest_route=\/wp\/v2\/posts"}],"about":[{"href":"https:\/\/zonaroja.com.mx\/index.php?rest_route=\/wp\/v2\/types\/post"}],"author":[{"embeddable":true,"href":"https:\/\/zonaroja.com.mx\/index.php?rest_route=\/wp\/v2\/users\/2"}],"replies":[{"embeddable":true,"href":"https:\/\/zonaroja.com.mx\/index.php?rest_route=%2Fwp%2Fv2%2Fcomments&post=65801"}],"version-history":[{"count":1,"href":"https:\/\/zonaroja.com.mx\/index.php?rest_route=\/wp\/v2\/posts\/65801\/revisions"}],"predecessor-version":[{"id":65802,"href":"https:\/\/zonaroja.com.mx\/index.php?rest_route=\/wp\/v2\/posts\/65801\/revisions\/65802"}],"wp:featuredmedia":[{"embeddable":true,"href":"https:\/\/zonaroja.com.mx\/index.php?rest_route=\/wp\/v2\/media\/41861"}],"wp:attachment":[{"href":"https:\/\/zonaroja.com.mx\/index.php?rest_route=%2Fwp%2Fv2%2Fmedia&parent=65801"}],"wp:term":[{"taxonomy":"category","embeddable":true,"href":"https:\/\/zonaroja.com.mx\/index.php?rest_route=%2Fwp%2Fv2%2Fcategories&post=65801"},{"taxonomy":"post_tag","embeddable":true,"href":"https:\/\/zonaroja.com.mx\/index.php?rest_route=%2Fwp%2Fv2%2Ftags&post=65801"}],"curies":[{"name":"wp","href":"https:\/\/api.w.org\/{rel}","templated":true}]}}